{"id":1924,"date":"2012-05-20T15:39:55","date_gmt":"2012-05-20T15:39:55","guid":{"rendered":"http:\/\/wloczykije.eu\/?p=1924"},"modified":"2012-05-20T16:00:33","modified_gmt":"2012-05-20T16:00:33","slug":"z-palacu-pod-wiejska-strzeche-i-na-wojne-czyli-mydlo-i-powidlo","status":"publish","type":"post","link":"https:\/\/wloczykije.eu\/?p=1924","title":{"rendered":"Z pa\u0142acu pod wiejsk\u0105 strzech\u0119&#8230; i na wojn\u0119, czyli myd\u0142o i powid\u0142o"},"content":{"rendered":"<p style=\"text-align: justify;\">W czasach kryzysu warto oszcz\u0119dza\u0107, wi\u0119c postanowili\u015bmy skorzysta\u0107 z mo\u017cliwo\u015bci darmowego zwiedzania r\u00f3\u017cnorakich obiekt\u00f3w (mniej lub bardziej ciekawych). Nie zwa\u017caj\u0105c na t\u0142umy, wzi\u0119li\u015bmy udzia\u0142 w &#8222;nocy muze\u00f3w&#8221;. Nie byle gdzie jednak, bo w powiecie otwockim.<\/p>\n<div id=\"attachment_1925\" style=\"width: 356px\" class=\"wp-caption aligncenter\"><a href=\"https:\/\/wloczykije.eu\/wp-content\/uploads\/2012\/05\/P1230315.jpg\"><img loading=\"lazy\" decoding=\"async\" aria-describedby=\"caption-attachment-1925\" class=\" wp-image-1925  \" title=\"Jakby romantycznie\" src=\"https:\/\/wloczykije.eu\/wp-content\/uploads\/2012\/05\/P1230315-400x300.jpg\" alt=\"\" width=\"346\" height=\"259\" srcset=\"https:\/\/wloczykije.eu\/wp-content\/uploads\/2012\/05\/P1230315-400x300.jpg 400w, https:\/\/wloczykije.eu\/wp-content\/uploads\/2012\/05\/P1230315.jpg 768w\" sizes=\"auto, (max-width: 346px) 100vw, 346px\" \/><\/a><p id=\"caption-attachment-1925\" class=\"wp-caption-text\">Jakby romantycznie<\/p><\/div>\n<p style=\"text-align: justify;\"><!--more-->Wieczorne zwiedzanie rozpocz\u0119li\u015bmy od po\u0142o\u017conego na sztucznej wyspie<a title=\"Pa\u0142ac w Otwocku Wielkim\" href=\"http:\/\/www.otwock.mnw.art.pl\/\" target=\"_blank\"> pa\u0142acu w Otwocku Wielkim<\/a>, w kt\u00f3rym dzi\u015b znajduje si\u0119 Muzeum Wn\u0119trz b\u0119d\u0105ce oddzia\u0142em Muzeum Narodowego w Warszawie. Co prawda liczyli\u015bmy na darmowy pocz\u0119stunek i napitek, ale i tak bardzo si\u0119 nam podoba\u0142o.<\/p>\n<div id=\"attachment_1928\" style=\"width: 347px\" class=\"wp-caption aligncenter\"><a href=\"https:\/\/wloczykije.eu\/wp-content\/uploads\/2012\/05\/P1230353.jpg\"><img loading=\"lazy\" decoding=\"async\" aria-describedby=\"caption-attachment-1928\" class=\" wp-image-1928 \" title=\"Stare zamczysko na wyspie\" src=\"https:\/\/wloczykije.eu\/wp-content\/uploads\/2012\/05\/P1230353-400x300.jpg\" alt=\"\" width=\"337\" height=\"253\" srcset=\"https:\/\/wloczykije.eu\/wp-content\/uploads\/2012\/05\/P1230353-400x300.jpg 400w, https:\/\/wloczykije.eu\/wp-content\/uploads\/2012\/05\/P1230353.jpg 768w\" sizes=\"auto, (max-width: 337px) 100vw, 337px\" \/><\/a><p id=\"caption-attachment-1928\" class=\"wp-caption-text\">Czy tam aby tylko nie straszy?<\/p><\/div>\n<p style=\"text-align: justify;\">XVII-wieczny pa\u0142ac by\u0142 dawn\u0105 letni\u0105 siedzib\u0105 warszawskiego rodu Bieli\u0144skich. Co prawda w \u00a0drugiej po\u0142. XIX wieku obiekt popad\u0142 w ruin\u0119, jednak po II wojnie \u015bwiatowej zosta\u0142 przywr\u00f3cony do dawnej \u015bwietno\u015bci, co ilustruj\u0105 poni\u017csze zdj\u0119cia.<\/p>\n<div id=\"attachment_1931\" style=\"width: 259px\" class=\"wp-caption aligncenter\"><a href=\"https:\/\/wloczykije.eu\/wp-content\/uploads\/2012\/05\/P1230332.jpg\"><img loading=\"lazy\" decoding=\"async\" aria-describedby=\"caption-attachment-1931\" class=\" wp-image-1931 \" title=\"Sala balowa\" src=\"https:\/\/wloczykije.eu\/wp-content\/uploads\/2012\/05\/P1230332-300x400.jpg\" alt=\"\" width=\"249\" height=\"332\" srcset=\"https:\/\/wloczykije.eu\/wp-content\/uploads\/2012\/05\/P1230332-300x400.jpg 300w, https:\/\/wloczykije.eu\/wp-content\/uploads\/2012\/05\/P1230332.jpg 576w\" sizes=\"auto, (max-width: 249px) 100vw, 249px\" \/><\/a><p id=\"caption-attachment-1931\" class=\"wp-caption-text\">Wytwornie w ka\u017cdym calu. Tylko pozazdro\u015bci\u0107<\/p><\/div>\n<div id=\"attachment_1932\" style=\"width: 328px\" class=\"wp-caption aligncenter\"><a href=\"https:\/\/wloczykije.eu\/wp-content\/uploads\/2012\/05\/P1230322.jpg\"><img loading=\"lazy\" decoding=\"async\" aria-describedby=\"caption-attachment-1932\" class=\" wp-image-1932  \" title=\"Na salonach\" src=\"https:\/\/wloczykije.eu\/wp-content\/uploads\/2012\/05\/P1230322-400x300.jpg\" alt=\"\" width=\"318\" height=\"239\" srcset=\"https:\/\/wloczykije.eu\/wp-content\/uploads\/2012\/05\/P1230322-400x300.jpg 400w, https:\/\/wloczykije.eu\/wp-content\/uploads\/2012\/05\/P1230322.jpg 768w\" sizes=\"auto, (max-width: 318px) 100vw, 318px\" \/><\/a><p id=\"caption-attachment-1932\" class=\"wp-caption-text\">Na salonach<\/p><\/div>\n<p style=\"text-align: justify;\">Poszczeg\u00f3lne \u00a0apartamenty zosta\u0142y umeblowane w r\u00f3\u017cnych stylach. Odnajdziemy tu pokoje w stylu klasycystycznym, rokokowym, a nawet biedermeier.\u00a0Na pi\u0119trze znajduj\u0105 si\u0119 ciekawe sale z motywami marynistycznymi (co ciekawe w stylu manierystycznym).<\/p>\n<div id=\"attachment_1933\" style=\"width: 259px\" class=\"wp-caption aligncenter\"><a href=\"https:\/\/wloczykije.eu\/wp-content\/uploads\/2012\/05\/P1230324.jpg\"><img loading=\"lazy\" decoding=\"async\" aria-describedby=\"caption-attachment-1933\" class=\" wp-image-1933 \" title=\"Mebelki jak z katalogu\" src=\"https:\/\/wloczykije.eu\/wp-content\/uploads\/2012\/05\/P1230324-300x400.jpg\" alt=\"\" width=\"249\" height=\"332\" srcset=\"https:\/\/wloczykije.eu\/wp-content\/uploads\/2012\/05\/P1230324-300x400.jpg 300w, https:\/\/wloczykije.eu\/wp-content\/uploads\/2012\/05\/P1230324.jpg 576w\" sizes=\"auto, (max-width: 249px) 100vw, 249px\" \/><\/a><p id=\"caption-attachment-1933\" class=\"wp-caption-text\">Mebelki jak z katalogu<\/p><\/div>\n<p style=\"text-align: justify;\">Trzeba przyzna\u0107, \u017ce mieli Bieli\u0144scy fantazj\u0119. Wiele mebli wzbudzi\u0142o m\u00f3j prawdziwy zachwyt. \u00a0Mi\u0119dzy innymi&#8230;praktyczna spluwaczka.<\/p>\n<div id=\"attachment_1934\" style=\"width: 259px\" class=\"wp-caption aligncenter\"><a href=\"https:\/\/wloczykije.eu\/wp-content\/uploads\/2012\/05\/P1230325.jpg\"><img loading=\"lazy\" decoding=\"async\" aria-describedby=\"caption-attachment-1934\" class=\" wp-image-1934 \" title=\"A fu\" src=\"https:\/\/wloczykije.eu\/wp-content\/uploads\/2012\/05\/P1230325-300x400.jpg\" alt=\"\" width=\"249\" height=\"332\" srcset=\"https:\/\/wloczykije.eu\/wp-content\/uploads\/2012\/05\/P1230325-300x400.jpg 300w, https:\/\/wloczykije.eu\/wp-content\/uploads\/2012\/05\/P1230325.jpg 576w\" sizes=\"auto, (max-width: 249px) 100vw, 249px\" \/><\/a><p id=\"caption-attachment-1934\" class=\"wp-caption-text\">Plu\u0107 ka\u017cdy mo\u017ce. Byle kulturalnie...<\/p><\/div>\n<p style=\"text-align: justify;\">Ledwo zd\u0105\u017cyli\u015bmy przyzwyczai\u0107 si\u0119 do luksusu, a ju\u017c trzeba by\u0142o wyrusza\u0107 w dalsz\u0105 drog\u0119. (Cho\u0107 organizatorzy zapewniali darmowy transport, my zdecydowali\u015bmy si\u0119 podr\u00f3\u017cowa\u0107 Kajtkiem). Szybko okaza\u0142o si\u0119, \u017ce kolejny punkt naszej muzealnej trasy daleki by\u0142 od dworskiej wytworno\u015bci.<\/p>\n<div id=\"attachment_1937\" style=\"width: 342px\" class=\"wp-caption aligncenter\"><a href=\"https:\/\/wloczykije.eu\/wp-content\/uploads\/2012\/05\/P1230365.jpg\"><img loading=\"lazy\" decoding=\"async\" aria-describedby=\"caption-attachment-1937\" class=\" wp-image-1937 \" title=\"W Gliniance\" src=\"https:\/\/wloczykije.eu\/wp-content\/uploads\/2012\/05\/P1230365-400x300.jpg\" alt=\"\" width=\"332\" height=\"249\" srcset=\"https:\/\/wloczykije.eu\/wp-content\/uploads\/2012\/05\/P1230365-400x300.jpg 400w, https:\/\/wloczykije.eu\/wp-content\/uploads\/2012\/05\/P1230365.jpg 768w\" sizes=\"auto, (max-width: 332px) 100vw, 332px\" \/><\/a><p id=\"caption-attachment-1937\" class=\"wp-caption-text\">Panie z Glinianki w pie\u015bni &quot;Ko ko ko&quot;<\/p><\/div>\n<p style=\"text-align: justify;\">Oko\u0142o 22, po d\u0142ugich poszukiwaniach, zawitali\u015bmy do Glinianki, gdzie znajduje si\u0119 istniej\u0105ca tu od ponad 70 lat\u00a0 Izba Regionalna. Ci, kt\u00f3rzy twierdz\u0105, \u017ce folklor jest nudny, powinni pos\u0142ucha\u0107 pa\u0144 z zespo\u0142u ludowego w piosence o dziadzie pierunie, co z bab\u0105 w nocy desk\u0119 roz\u0142upa\u0142. \u00a0Rubaszne melodie (oczywi\u015bcie w repertuarze nie zabrak\u0142o koko koko) szybko nas rozbudzi\u0142y.<\/p>\n<div id=\"attachment_1940\" style=\"width: 259px\" class=\"wp-caption aligncenter\"><a href=\"https:\/\/wloczykije.eu\/wp-content\/uploads\/2012\/05\/P1230369.jpg\"><img loading=\"lazy\" decoding=\"async\" aria-describedby=\"caption-attachment-1940\" class=\" wp-image-1940 \" title=\"Czym chata bogata\" src=\"https:\/\/wloczykije.eu\/wp-content\/uploads\/2012\/05\/P1230369-300x400.jpg\" alt=\"\" width=\"249\" height=\"332\" srcset=\"https:\/\/wloczykije.eu\/wp-content\/uploads\/2012\/05\/P1230369-300x400.jpg 300w, https:\/\/wloczykije.eu\/wp-content\/uploads\/2012\/05\/P1230369.jpg 576w\" sizes=\"auto, (max-width: 249px) 100vw, 249px\" \/><\/a><p id=\"caption-attachment-1940\" class=\"wp-caption-text\">Cho\u0107 statk\u00f3w nie brakowa\u0142o, pocz\u0119stunku nie podano<\/p><\/div>\n<p>W wiejskich izbach mo\u017cna by\u0142o obejrze\u0107 r\u0119kodzie\u0142o oraz dawne fotografie.<\/p>\n<div id=\"attachment_1941\" style=\"width: 259px\" class=\"wp-caption aligncenter\"><a href=\"https:\/\/wloczykije.eu\/wp-content\/uploads\/2012\/05\/P1230374.jpg\"><img loading=\"lazy\" decoding=\"async\" aria-describedby=\"caption-attachment-1941\" class=\" wp-image-1941 \" title=\"Palmy nad palmami\" src=\"https:\/\/wloczykije.eu\/wp-content\/uploads\/2012\/05\/P1230374-300x400.jpg\" alt=\"\" width=\"249\" height=\"332\" srcset=\"https:\/\/wloczykije.eu\/wp-content\/uploads\/2012\/05\/P1230374-300x400.jpg 300w, https:\/\/wloczykije.eu\/wp-content\/uploads\/2012\/05\/P1230374.jpg 576w\" sizes=\"auto, (max-width: 249px) 100vw, 249px\" \/><\/a><p id=\"caption-attachment-1941\" class=\"wp-caption-text\">Palmy nad palmami<\/p><\/div>\n<p style=\"text-align: justify;\">Cho\u0107 zm\u0119czeni, postanowili\u015bmy nie poddawa\u0107 si\u0119 nocy i zwiedza\u0107 dalej. Kolejna atrakcja mia\u0142a si\u0119 jednak okaza\u0107 prawdziwie niebezpieczna&#8230;.<\/p>\n<div id=\"attachment_1942\" style=\"width: 259px\" class=\"wp-caption aligncenter\"><a href=\"https:\/\/wloczykije.eu\/wp-content\/uploads\/2012\/05\/P1230387.jpg\"><img loading=\"lazy\" decoding=\"async\" aria-describedby=\"caption-attachment-1942\" class=\" wp-image-1942 \" title=\"Baczno\u015b\u0107!\" src=\"https:\/\/wloczykije.eu\/wp-content\/uploads\/2012\/05\/P1230387-300x400.jpg\" alt=\"\" width=\"249\" height=\"332\" srcset=\"https:\/\/wloczykije.eu\/wp-content\/uploads\/2012\/05\/P1230387-300x400.jpg 300w, https:\/\/wloczykije.eu\/wp-content\/uploads\/2012\/05\/P1230387.jpg 576w\" sizes=\"auto, (max-width: 249px) 100vw, 249px\" \/><\/a><p id=\"caption-attachment-1942\" class=\"wp-caption-text\">Na baczno\u015b\u0107!<\/p><\/div>\n<p style=\"text-align: justify;\">\u00a0Po przejechaniu kr\u00f3tkiego odcinka trasy lubelskiej, znale\u017ali\u015bmy si\u0119 w&#8230;\u00a0 Muzeum II Korpusu Polskiego w J\u00f3zefowie, gdzie przywitali nas ch\u0142opcy jak ta lala&#8230;.nie tylko plastikowi.<\/p>\n<div id=\"attachment_1943\" style=\"width: 342px\" class=\"wp-caption aligncenter\"><a href=\"https:\/\/wloczykije.eu\/wp-content\/uploads\/2012\/05\/P1230389.jpg\"><img loading=\"lazy\" decoding=\"async\" aria-describedby=\"caption-attachment-1943\" class=\" wp-image-1943 \" title=\"Ch\u0142opcy radarowcy\" src=\"https:\/\/wloczykije.eu\/wp-content\/uploads\/2012\/05\/P1230389-400x300.jpg\" alt=\"\" width=\"332\" height=\"249\" srcset=\"https:\/\/wloczykije.eu\/wp-content\/uploads\/2012\/05\/P1230389-400x300.jpg 400w, https:\/\/wloczykije.eu\/wp-content\/uploads\/2012\/05\/P1230389.jpg 768w\" sizes=\"auto, (max-width: 332px) 100vw, 332px\" \/><\/a><p id=\"caption-attachment-1943\" class=\"wp-caption-text\">Ch\u0142opcy radarowcy<\/p><\/div>\n<p style=\"text-align: justify;\">\u00a0Broni tu nie brakowa\u0142o i czuli\u015bmy si\u0119 nieco niepewnie. Znalaz\u0142szy stary, ale sprawny pojazd wojskowy, nacisn\u0119li\u015bmy zardzewia\u0142y peda\u0142 i dodali\u015bmy GAZU!!! \u00a0I szybko znale\u017ali\u015bmy si\u0119 z powrotem w domu.<\/p>\n<div id=\"attachment_1944\" style=\"width: 342px\" class=\"wp-caption aligncenter\"><a href=\"https:\/\/wloczykije.eu\/wp-content\/uploads\/2012\/05\/P1230393.jpg\"><img loading=\"lazy\" decoding=\"async\" aria-describedby=\"caption-attachment-1944\" class=\" wp-image-1944 \" title=\"Gaz do dechy!\" src=\"https:\/\/wloczykije.eu\/wp-content\/uploads\/2012\/05\/P1230393-400x300.jpg\" alt=\"\" width=\"332\" height=\"249\" srcset=\"https:\/\/wloczykije.eu\/wp-content\/uploads\/2012\/05\/P1230393-400x300.jpg 400w, https:\/\/wloczykije.eu\/wp-content\/uploads\/2012\/05\/P1230393.jpg 768w\" sizes=\"auto, (max-width: 332px) 100vw, 332px\" \/><\/a><p id=\"caption-attachment-1944\" class=\"wp-caption-text\">Gaz do dechy!<\/p><\/div>\n<p style=\"text-align: center;\">\n","protected":false},"excerpt":{"rendered":"<p>W czasach kryzysu warto oszcz\u0119dza\u0107, wi\u0119c postanowili\u015bmy skorzysta\u0107 z mo\u017cliwo\u015bci darmowego zwiedzania r\u00f3\u017cnorakich obiekt\u00f3w (mniej lub bardziej ciekawych). Nie zwa\u017caj\u0105c na t\u0142umy, wzi\u0119li\u015bmy udzia\u0142 w &#8222;nocy muze\u00f3w&#8221;. Nie byle gdzie jednak, bo w powiecie otwockim.<\/p>\n","protected":false},"author":2,"featured_media":0,"comment_status":"open","ping_status":"closed","sticky":false,"template":"","format":"standard","meta":{"footnotes":""},"categories":[10],"tags":[30],"class_list":["post-1924","post","type-post","status-publish","format-standard","hentry","category-warszawskie-zakamarki","tag-otwock"],"_links":{"self":[{"href":"https:\/\/wloczykije.eu\/index.php?rest_route=\/wp\/v2\/posts\/1924","targetHints":{"allow":["GET"]}}],"collection":[{"href":"https:\/\/wloczykije.eu\/index.php?rest_route=\/wp\/v2\/posts"}],"about":[{"href":"https:\/\/wloczykije.eu\/index.php?rest_route=\/wp\/v2\/types\/post"}],"author":[{"embeddable":true,"href":"https:\/\/wloczykije.eu\/index.php?rest_route=\/wp\/v2\/users\/2"}],"replies":[{"embeddable":true,"href":"https:\/\/wloczykije.eu\/index.php?rest_route=%2Fwp%2Fv2%2Fcomments&post=1924"}],"version-history":[{"count":17,"href":"https:\/\/wloczykije.eu\/index.php?rest_route=\/wp\/v2\/posts\/1924\/revisions"}],"predecessor-version":[{"id":1950,"href":"https:\/\/wloczykije.eu\/index.php?rest_route=\/wp\/v2\/posts\/1924\/revisions\/1950"}],"wp:attachment":[{"href":"https:\/\/wloczykije.eu\/index.php?rest_route=%2Fwp%2Fv2%2Fmedia&parent=1924"}],"wp:term":[{"taxonomy":"category","embeddable":true,"href":"https:\/\/wloczykije.eu\/index.php?rest_route=%2Fwp%2Fv2%2Fcategories&post=1924"},{"taxonomy":"post_tag","embeddable":true,"href":"https:\/\/wloczykije.eu\/index.php?rest_route=%2Fwp%2Fv2%2Ftags&post=1924"}],"curies":[{"name":"wp","href":"https:\/\/api.w.org\/{rel}","templated":true}]}}