{"id":3748,"date":"2017-05-03T18:07:01","date_gmt":"2017-05-03T18:07:01","guid":{"rendered":"http:\/\/wloczykije.eu\/?p=3748"},"modified":"2017-05-29T09:09:08","modified_gmt":"2017-05-29T09:09:08","slug":"kampania-kampinoska","status":"publish","type":"post","link":"https:\/\/wloczykije.eu\/?p=3748","title":{"rendered":"Kampania kampinoska"},"content":{"rendered":"<p>Nasz\u0105 majow\u0105 tradycj\u0105 jest, jak wiadomo, odwiedzanie\u00a0n\u00e1rodn\u00fdch parkov (czy to <a href=\"https:\/\/wloczykije.eu\/?p=527\">p\u00f3\u0142nocno-zachodnich<\/a>, <a href=\"https:\/\/wloczykije.eu\/?p=1865\">po\u0142udniowych<\/a>, czy <a href=\"https:\/\/wloczykije.eu\/?p=2941\">jeszcze po\u0142udniowszych<\/a>). W tym roku jednak powitali\u015bmy miesi\u0105c matki Merkurego mi\u0119dzymitologicznie, wraz z Warsem i Saw\u0105. Nie pozosta\u0142o zatem nic innego, jak tylko odwiedzi\u0107 p\u00f3\u0142nocne p\u0142uco Warszawy, czyli Puszcz\u0119 Kampinosk\u0105.<\/p>\n<div id=\"attachment_3774\" style=\"width: 410px\" class=\"wp-caption aligncenter\"><a href=\"https:\/\/wloczykije.eu\/wp-content\/uploads\/2017\/05\/kpn-175-19.jpg\"><img loading=\"lazy\" decoding=\"async\" aria-describedby=\"caption-attachment-3774\" class=\"wp-image-3774 size-medium\" src=\"https:\/\/wloczykije.eu\/wp-content\/uploads\/2017\/05\/kpn-175-19-400x266.jpg\" alt=\"\" width=\"400\" height=\"266\" srcset=\"https:\/\/wloczykije.eu\/wp-content\/uploads\/2017\/05\/kpn-175-19-400x266.jpg 400w, https:\/\/wloczykije.eu\/wp-content\/uploads\/2017\/05\/kpn-175-19-768x512.jpg 768w, https:\/\/wloczykije.eu\/wp-content\/uploads\/2017\/05\/kpn-175-19.jpg 1024w\" sizes=\"auto, (max-width: 400px) 100vw, 400px\" \/><\/a><p id=\"caption-attachment-3774\" class=\"wp-caption-text\">Pogoda sprzyja\u0142a.<\/p><\/div>\n<p><!--more--><\/p>\n<div data-carousel-extra='{\"blog_id\":1,\"permalink\":\"https:\\\/\\\/wloczykije.eu\\\/?p=3748\"}' class=\"tiled-gallery type-rectangular\" data-original-width=\"500\"><div class=\"gallery-row\" style=\"width: 495px; height: 218px;\"><div class=\"gallery-group images-1\" style=\"width: 331px; height: 222px;\"><div class=\"tiled-gallery-item tiled-gallery-item-large\"><a href=\"https:\/\/wloczykije.eu\/?attachment_id=3752\"><img loading=\"lazy\" decoding=\"async\" data-attachment-id=\"3752\" data-orig-file=\"https:\/\/wloczykije.eu\/wp-content\/uploads\/2017\/05\/IMG_5363.jpg\" data-orig-size=\"1024,683\" data-comments-opened=\"1\" data-image-meta=\"{&quot;aperture&quot;:&quot;0&quot;,&quot;credit&quot;:&quot;&quot;,&quot;camera&quot;:&quot;&quot;,&quot;caption&quot;:&quot;&quot;,&quot;created_timestamp&quot;:&quot;0&quot;,&quot;copyright&quot;:&quot;&quot;,&quot;focal_length&quot;:&quot;0&quot;,&quot;iso&quot;:&quot;0&quot;,&quot;shutter_speed&quot;:&quot;0&quot;,&quot;title&quot;:&quot;&quot;,&quot;orientation&quot;:&quot;0&quot;}\" data-image-title=\"Tel quel le ciel et Novotel\" data-image-description=\"\" data-medium-file=\"https:\/\/wloczykije.eu\/wp-content\/uploads\/2017\/05\/IMG_5363-400x267.jpg\" data-large-file=\"https:\/\/wloczykije.eu\/wp-content\/uploads\/2017\/05\/IMG_5363-1024x683.jpg\" src=\"https:\/\/wloczykije.eu\/wp-content\/uploads\/2017\/05\/IMG_5363-327x218.jpg\" width=\"327\" height=\"218\" align=\"left\" title=\"Tel quel le ciel et Novotel\" \/><\/a><div class=\"tiled-gallery-caption\">Niebieskie niebo by\u0142o widoczne nawet z ul. Widok dzi\u0119ki aktualnej modzie na usuwanie budynk\u00f3w z przestrzeni miejskiej. (Na zdj\u0119ciu: brak Rotundy.)<\/div><\/div><\/div><div class=\"gallery-group images-2\" style=\"width: 164px; height: 222px;\"><div class=\"tiled-gallery-item tiled-gallery-item-small\"><a href=\"https:\/\/wloczykije.eu\/?attachment_id=3753\"><img loading=\"lazy\" decoding=\"async\" data-attachment-id=\"3753\" data-orig-file=\"https:\/\/wloczykije.eu\/wp-content\/uploads\/2017\/05\/kpn-175-01.jpg\" data-orig-size=\"1024,683\" data-comments-opened=\"1\" data-image-meta=\"{&quot;aperture&quot;:&quot;0&quot;,&quot;credit&quot;:&quot;&quot;,&quot;camera&quot;:&quot;&quot;,&quot;caption&quot;:&quot;&quot;,&quot;created_timestamp&quot;:&quot;0&quot;,&quot;copyright&quot;:&quot;&quot;,&quot;focal_length&quot;:&quot;0&quot;,&quot;iso&quot;:&quot;0&quot;,&quot;shutter_speed&quot;:&quot;0&quot;,&quot;title&quot;:&quot;&quot;,&quot;orientation&quot;:&quot;0&quot;}\" data-image-title=\"Pomnik poleg\u0142ych w puszczy\" data-image-description=\"\" data-medium-file=\"https:\/\/wloczykije.eu\/wp-content\/uploads\/2017\/05\/kpn-175-01-400x267.jpg\" data-large-file=\"https:\/\/wloczykije.eu\/wp-content\/uploads\/2017\/05\/kpn-175-01-1024x683.jpg\" src=\"https:\/\/wloczykije.eu\/wp-content\/uploads\/2017\/05\/kpn-175-01-160x107.jpg\" width=\"160\" height=\"107\" align=\"left\" title=\"Pomnik poleg\u0142ych w puszczy\" \/><\/a><div class=\"tiled-gallery-caption\">Po kr\u00f3tkiej podr\u00f3\u017cy podziemnej na M\u0142ociny i podmiejskim pod park, znale\u017ali\u015bmy si\u0119 w Truskawiu. <\/div><\/div><div class=\"tiled-gallery-item tiled-gallery-item-small\"><a href=\"https:\/\/wloczykije.eu\/?attachment_id=3768\"><img loading=\"lazy\" decoding=\"async\" data-attachment-id=\"3768\" data-orig-file=\"https:\/\/wloczykije.eu\/wp-content\/uploads\/2017\/05\/kpn-175-16.jpg\" data-orig-size=\"1024,683\" data-comments-opened=\"1\" data-image-meta=\"{&quot;aperture&quot;:&quot;0&quot;,&quot;credit&quot;:&quot;&quot;,&quot;camera&quot;:&quot;&quot;,&quot;caption&quot;:&quot;&quot;,&quot;created_timestamp&quot;:&quot;0&quot;,&quot;copyright&quot;:&quot;&quot;,&quot;focal_length&quot;:&quot;0&quot;,&quot;iso&quot;:&quot;0&quot;,&quot;shutter_speed&quot;:&quot;0&quot;,&quot;title&quot;:&quot;&quot;,&quot;orientation&quot;:&quot;0&quot;}\" data-image-title=\"Kampinoskie Prywatne Nasadzenia\" data-image-description=\"\" data-medium-file=\"https:\/\/wloczykije.eu\/wp-content\/uploads\/2017\/05\/kpn-175-16-400x267.jpg\" data-large-file=\"https:\/\/wloczykije.eu\/wp-content\/uploads\/2017\/05\/kpn-175-16-1024x683.jpg\" src=\"https:\/\/wloczykije.eu\/wp-content\/uploads\/2017\/05\/kpn-175-16-160x107.jpg\" width=\"160\" height=\"107\" align=\"left\" title=\"Kampinoskie Prywatne Nasadzenia\" \/><\/a><div class=\"tiled-gallery-caption\">Truskaw to izabeli\u0144ska wie\u015b wpuszczona w g\u0142\u0105b Kampinoskiego Parku Narodowego, przez kilkadziesi\u0105t lat sukcesywnie odprywatyzowywanego. <\/div><\/div><\/div><\/div><div class=\"gallery-row\" style=\"width: 495px; height: 140px;\"><div class=\"gallery-group images-1\" style=\"width: 109px; height: 144px;\"><div class=\"tiled-gallery-item tiled-gallery-item-small\"><a href=\"https:\/\/wloczykije.eu\/?attachment_id=3750\"><img loading=\"lazy\" decoding=\"async\" data-attachment-id=\"3750\" data-orig-file=\"https:\/\/wloczykije.eu\/wp-content\/uploads\/2017\/05\/IMG_5358-det.jpg\" data-orig-size=\"768,1024\" data-comments-opened=\"1\" data-image-meta=\"{&quot;aperture&quot;:&quot;0&quot;,&quot;credit&quot;:&quot;&quot;,&quot;camera&quot;:&quot;&quot;,&quot;caption&quot;:&quot;&quot;,&quot;created_timestamp&quot;:&quot;0&quot;,&quot;copyright&quot;:&quot;&quot;,&quot;focal_length&quot;:&quot;0&quot;,&quot;iso&quot;:&quot;0&quot;,&quot;shutter_speed&quot;:&quot;0&quot;,&quot;title&quot;:&quot;&quot;,&quot;orientation&quot;:&quot;0&quot;}\" data-image-title=\"Kampinoskie Prywatne Nasadzenia (detal)\" data-image-description=\"\" data-medium-file=\"https:\/\/wloczykije.eu\/wp-content\/uploads\/2017\/05\/IMG_5358-det-300x400.jpg\" data-large-file=\"https:\/\/wloczykije.eu\/wp-content\/uploads\/2017\/05\/IMG_5358-det-768x1024.jpg\" src=\"https:\/\/wloczykije.eu\/wp-content\/uploads\/2017\/05\/IMG_5358-det-105x140.jpg\" width=\"105\" height=\"140\" align=\"left\" title=\"Kampinoskie Prywatne Nasadzenia (detal)\" \/><\/a><div class=\"tiled-gallery-caption\">Jednak nie wszyscy mog\u0105 si\u0119 pogodzi\u0107 z ingerencj\u0105 pa\u0144stwa w prawo do prywatno\u015bci.<\/div><\/div><\/div><div class=\"gallery-group images-1\" style=\"width: 97px; height: 144px;\"><div class=\"tiled-gallery-item tiled-gallery-item-small\"><a href=\"https:\/\/wloczykije.eu\/?attachment_id=3756\"><img loading=\"lazy\" decoding=\"async\" data-attachment-id=\"3756\" data-orig-file=\"https:\/\/wloczykije.eu\/wp-content\/uploads\/2017\/05\/kpn-175-04.jpg\" data-orig-size=\"683,1024\" data-comments-opened=\"1\" data-image-meta=\"{&quot;aperture&quot;:&quot;0&quot;,&quot;credit&quot;:&quot;&quot;,&quot;camera&quot;:&quot;&quot;,&quot;caption&quot;:&quot;&quot;,&quot;created_timestamp&quot;:&quot;0&quot;,&quot;copyright&quot;:&quot;&quot;,&quot;focal_length&quot;:&quot;0&quot;,&quot;iso&quot;:&quot;0&quot;,&quot;shutter_speed&quot;:&quot;0&quot;,&quot;title&quot;:&quot;&quot;,&quot;orientation&quot;:&quot;0&quot;}\" data-image-title=\"Rz\u0119dy drzew\" data-image-description=\"\" data-medium-file=\"https:\/\/wloczykije.eu\/wp-content\/uploads\/2017\/05\/kpn-175-04-267x400.jpg\" data-large-file=\"https:\/\/wloczykije.eu\/wp-content\/uploads\/2017\/05\/kpn-175-04-683x1024.jpg\" src=\"https:\/\/wloczykije.eu\/wp-content\/uploads\/2017\/05\/kpn-175-04-93x140.jpg\" width=\"93\" height=\"140\" align=\"left\" title=\"Rz\u0119dy drzew\" \/><\/a><div class=\"tiled-gallery-caption\">Tym bardziej, \u017ce w puszczy (ci\u0119\u017cko do\u015bwiadczonej przez kolejne wojny i w du\u017cej mierze odtworzonej nasadzeniami)&#8230;<\/div><\/div><\/div><div class=\"gallery-group images-1\" style=\"width: 98px; height: 144px;\"><div class=\"tiled-gallery-item tiled-gallery-item-small\"><a href=\"https:\/\/wloczykije.eu\/?attachment_id=3770\"><img loading=\"lazy\" decoding=\"async\" data-attachment-id=\"3770\" data-orig-file=\"https:\/\/wloczykije.eu\/wp-content\/uploads\/2017\/05\/kpn-175-18.jpg\" data-orig-size=\"683,1024\" data-comments-opened=\"1\" data-image-meta=\"{&quot;aperture&quot;:&quot;0&quot;,&quot;credit&quot;:&quot;&quot;,&quot;camera&quot;:&quot;&quot;,&quot;caption&quot;:&quot;&quot;,&quot;created_timestamp&quot;:&quot;0&quot;,&quot;copyright&quot;:&quot;&quot;,&quot;focal_length&quot;:&quot;0&quot;,&quot;iso&quot;:&quot;0&quot;,&quot;shutter_speed&quot;:&quot;0&quot;,&quot;title&quot;:&quot;&quot;,&quot;orientation&quot;:&quot;0&quot;}\" data-image-title=\"Black birch\" data-image-description=\"\" data-medium-file=\"https:\/\/wloczykije.eu\/wp-content\/uploads\/2017\/05\/kpn-175-18-267x400.jpg\" data-large-file=\"https:\/\/wloczykije.eu\/wp-content\/uploads\/2017\/05\/kpn-175-18-683x1024.jpg\" src=\"https:\/\/wloczykije.eu\/wp-content\/uploads\/2017\/05\/kpn-175-18-94x140.jpg\" width=\"94\" height=\"140\" align=\"left\" title=\"Black birch\" \/><\/a><div class=\"tiled-gallery-caption\">&#8230;mo\u017cna znale\u017a\u0107 par\u0119 ciekawych podgatunk\u00f3w (bez urazy!), jak np. brzoza czarna&#8230;<\/div><\/div><\/div><div class=\"gallery-group images-1\" style=\"width: 191px; height: 144px;\"><div class=\"tiled-gallery-item tiled-gallery-item-small\"><a href=\"https:\/\/wloczykije.eu\/?attachment_id=3751\"><img loading=\"lazy\" decoding=\"async\" data-attachment-id=\"3751\" data-orig-file=\"https:\/\/wloczykije.eu\/wp-content\/uploads\/2017\/05\/IMG_5360det.jpg\" data-orig-size=\"1024,768\" data-comments-opened=\"1\" data-image-meta=\"{&quot;aperture&quot;:&quot;0&quot;,&quot;credit&quot;:&quot;&quot;,&quot;camera&quot;:&quot;&quot;,&quot;caption&quot;:&quot;&quot;,&quot;created_timestamp&quot;:&quot;0&quot;,&quot;copyright&quot;:&quot;&quot;,&quot;focal_length&quot;:&quot;0&quot;,&quot;iso&quot;:&quot;0&quot;,&quot;shutter_speed&quot;:&quot;0&quot;,&quot;title&quot;:&quot;&quot;,&quot;orientation&quot;:&quot;0&quot;}\" data-image-title=\"Bark of black birch\" data-image-description=\"\" data-medium-file=\"https:\/\/wloczykije.eu\/wp-content\/uploads\/2017\/05\/IMG_5360det-400x300.jpg\" data-large-file=\"https:\/\/wloczykije.eu\/wp-content\/uploads\/2017\/05\/IMG_5360det-1024x768.jpg\" src=\"https:\/\/wloczykije.eu\/wp-content\/uploads\/2017\/05\/IMG_5360det-187x140.jpg\" width=\"187\" height=\"140\" align=\"left\" title=\"Bark of black birch\" \/><\/a><div class=\"tiled-gallery-caption\">&#8230;czyli brzoza bez barwnika (betuliny).<\/div><\/div><\/div><\/div><div class=\"gallery-row\" style=\"width: 495px; height: 245px;\"><div class=\"gallery-group images-1\" style=\"width: 168px; height: 249px;\"><div class=\"tiled-gallery-item tiled-gallery-item-small\"><a href=\"https:\/\/wloczykije.eu\/?attachment_id=3759\"><img loading=\"lazy\" decoding=\"async\" data-attachment-id=\"3759\" data-orig-file=\"https:\/\/wloczykije.eu\/wp-content\/uploads\/2017\/05\/kpn-175-07.jpg\" data-orig-size=\"683,1024\" data-comments-opened=\"1\" data-image-meta=\"{&quot;aperture&quot;:&quot;0&quot;,&quot;credit&quot;:&quot;&quot;,&quot;camera&quot;:&quot;&quot;,&quot;caption&quot;:&quot;&quot;,&quot;created_timestamp&quot;:&quot;0&quot;,&quot;copyright&quot;:&quot;&quot;,&quot;focal_length&quot;:&quot;0&quot;,&quot;iso&quot;:&quot;0&quot;,&quot;shutter_speed&quot;:&quot;0&quot;,&quot;title&quot;:&quot;&quot;,&quot;orientation&quot;:&quot;0&quot;}\" data-image-title=\"U jak ugrana\" data-image-description=\"\" data-medium-file=\"https:\/\/wloczykije.eu\/wp-content\/uploads\/2017\/05\/kpn-175-07-267x400.jpg\" data-large-file=\"https:\/\/wloczykije.eu\/wp-content\/uploads\/2017\/05\/kpn-175-07-683x1024.jpg\" src=\"https:\/\/wloczykije.eu\/wp-content\/uploads\/2017\/05\/kpn-175-07-164x245.jpg\" width=\"164\" height=\"245\" align=\"left\" title=\"U jak ugrana\" \/><\/a><div class=\"tiled-gallery-caption\">Trafiaj\u0105 si\u0119 te\u017c drzewa z natury przeznaczone na akcesoria mag\u00f3w.<\/div><\/div><\/div><div class=\"gallery-group images-1\" style=\"width: 159px; height: 249px;\"><div class=\"tiled-gallery-item tiled-gallery-item-small\"><a href=\"https:\/\/wloczykije.eu\/?attachment_id=3749\"><img loading=\"lazy\" decoding=\"async\" data-attachment-id=\"3749\" data-orig-file=\"https:\/\/wloczykije.eu\/wp-content\/uploads\/2017\/05\/IMG_5348.jpg\" data-orig-size=\"649,1024\" data-comments-opened=\"1\" data-image-meta=\"{&quot;aperture&quot;:&quot;0&quot;,&quot;credit&quot;:&quot;&quot;,&quot;camera&quot;:&quot;&quot;,&quot;caption&quot;:&quot;&quot;,&quot;created_timestamp&quot;:&quot;0&quot;,&quot;copyright&quot;:&quot;&quot;,&quot;focal_length&quot;:&quot;0&quot;,&quot;iso&quot;:&quot;0&quot;,&quot;shutter_speed&quot;:&quot;0&quot;,&quot;title&quot;:&quot;&quot;,&quot;orientation&quot;:&quot;0&quot;}\" data-image-title=\"Upad\u0142a pa\u0142a\" data-image-description=\"\" data-medium-file=\"https:\/\/wloczykije.eu\/wp-content\/uploads\/2017\/05\/IMG_5348-254x400.jpg\" data-large-file=\"https:\/\/wloczykije.eu\/wp-content\/uploads\/2017\/05\/IMG_5348-649x1024.jpg\" src=\"https:\/\/wloczykije.eu\/wp-content\/uploads\/2017\/05\/IMG_5348-155x245.jpg\" width=\"155\" height=\"245\" align=\"left\" title=\"Upad\u0142a pa\u0142a\" \/><\/a><div class=\"tiled-gallery-caption\">Z takim kijem, Tim przegoni\u0142by Artura, gdzie ry\u015b ro\u015bnie.<\/div><\/div><\/div><div class=\"gallery-group images-1\" style=\"width: 168px; height: 249px;\"><div class=\"tiled-gallery-item tiled-gallery-item-small\"><a href=\"https:\/\/wloczykije.eu\/?attachment_id=3769\"><img loading=\"lazy\" decoding=\"async\" data-attachment-id=\"3769\" data-orig-file=\"https:\/\/wloczykije.eu\/wp-content\/uploads\/2017\/05\/kpn-175-17.jpg\" data-orig-size=\"683,1024\" data-comments-opened=\"1\" data-image-meta=\"{&quot;aperture&quot;:&quot;0&quot;,&quot;credit&quot;:&quot;&quot;,&quot;camera&quot;:&quot;&quot;,&quot;caption&quot;:&quot;&quot;,&quot;created_timestamp&quot;:&quot;0&quot;,&quot;copyright&quot;:&quot;&quot;,&quot;focal_length&quot;:&quot;0&quot;,&quot;iso&quot;:&quot;0&quot;,&quot;shutter_speed&quot;:&quot;0&quot;,&quot;title&quot;:&quot;&quot;,&quot;orientation&quot;:&quot;0&quot;}\" data-image-title=\"Po lewej las, po prawej puszcza?\" data-image-description=\"\" data-medium-file=\"https:\/\/wloczykije.eu\/wp-content\/uploads\/2017\/05\/kpn-175-17-267x400.jpg\" data-large-file=\"https:\/\/wloczykije.eu\/wp-content\/uploads\/2017\/05\/kpn-175-17-683x1024.jpg\" src=\"https:\/\/wloczykije.eu\/wp-content\/uploads\/2017\/05\/kpn-175-17-164x245.jpg\" width=\"164\" height=\"245\" align=\"left\" title=\"Po lewej las, po prawej puszcza?\" \/><\/a><div class=\"tiled-gallery-caption\">Jednak w wi\u0119kszo\u015bci w puszczy wci\u0105\u017c dominuj\u0105 monokultury sosnowe (po lewej) i brzozy (po prawej).<\/div><\/div><\/div><\/div><div class=\"gallery-row\" style=\"width: 495px; height: 421px;\"><div class=\"gallery-group images-1\" style=\"width: 285px; height: 425px;\"><div class=\"tiled-gallery-item tiled-gallery-item-large\"><a href=\"https:\/\/wloczykije.eu\/?attachment_id=3754\"><img loading=\"lazy\" decoding=\"async\" data-attachment-id=\"3754\" data-orig-file=\"https:\/\/wloczykije.eu\/wp-content\/uploads\/2017\/05\/kpn-175-02.jpg\" data-orig-size=\"683,1024\" data-comments-opened=\"1\" data-image-meta=\"{&quot;aperture&quot;:&quot;0&quot;,&quot;credit&quot;:&quot;&quot;,&quot;camera&quot;:&quot;&quot;,&quot;caption&quot;:&quot;&quot;,&quot;created_timestamp&quot;:&quot;0&quot;,&quot;copyright&quot;:&quot;&quot;,&quot;focal_length&quot;:&quot;0&quot;,&quot;iso&quot;:&quot;0&quot;,&quot;shutter_speed&quot;:&quot;0&quot;,&quot;title&quot;:&quot;&quot;,&quot;orientation&quot;:&quot;0&quot;}\" data-image-title=\"Ruina w puszczy, czy puszcza w ruinie?\" data-image-description=\"\" data-medium-file=\"https:\/\/wloczykije.eu\/wp-content\/uploads\/2017\/05\/kpn-175-02-267x400.jpg\" data-large-file=\"https:\/\/wloczykije.eu\/wp-content\/uploads\/2017\/05\/kpn-175-02-683x1024.jpg\" src=\"https:\/\/wloczykije.eu\/wp-content\/uploads\/2017\/05\/kpn-175-02-281x421.jpg\" width=\"281\" height=\"421\" align=\"left\" title=\"Ruina w puszczy, czy puszcza w ruinie?\" \/><\/a><div class=\"tiled-gallery-caption\">Gdzieniegdzie mo\u017cna trafi\u0107 na resztki zabudowy, podobnie jak pozosta\u0142o\u015bci po kolejce kampinoskiej.<\/div><\/div><\/div><div class=\"gallery-group images-3\" style=\"width: 210px; height: 425px;\"><div class=\"tiled-gallery-item tiled-gallery-item-small\"><a href=\"https:\/\/wloczykije.eu\/?attachment_id=3755\"><img loading=\"lazy\" decoding=\"async\" data-attachment-id=\"3755\" data-orig-file=\"https:\/\/wloczykije.eu\/wp-content\/uploads\/2017\/05\/kpn-175-03.jpg\" data-orig-size=\"1024,683\" data-comments-opened=\"1\" data-image-meta=\"{&quot;aperture&quot;:&quot;0&quot;,&quot;credit&quot;:&quot;&quot;,&quot;camera&quot;:&quot;&quot;,&quot;caption&quot;:&quot;&quot;,&quot;created_timestamp&quot;:&quot;0&quot;,&quot;copyright&quot;:&quot;&quot;,&quot;focal_length&quot;:&quot;0&quot;,&quot;iso&quot;:&quot;0&quot;,&quot;shutter_speed&quot;:&quot;0&quot;,&quot;title&quot;:&quot;&quot;,&quot;orientation&quot;:&quot;0&quot;}\" data-image-title=\"Puszcza wypuszcza pazury\" data-image-description=\"\" data-medium-file=\"https:\/\/wloczykije.eu\/wp-content\/uploads\/2017\/05\/kpn-175-03-400x267.jpg\" data-large-file=\"https:\/\/wloczykije.eu\/wp-content\/uploads\/2017\/05\/kpn-175-03-1024x683.jpg\" src=\"https:\/\/wloczykije.eu\/wp-content\/uploads\/2017\/05\/kpn-175-03-206x138.jpg\" width=\"206\" height=\"138\" align=\"left\" title=\"Puszcza wypuszcza pazury\" \/><\/a><div class=\"tiled-gallery-caption\">Przewa\u017caj\u0105 jednak proste przejawy puszczy w postaci pionowych pni, pe\u0142zaj\u0105cych poziomych palc\u00f3w, itp. Ka\u017cde drzewo p\u0142o\u017cy jak mo\u017ce.<\/div><\/div><div class=\"tiled-gallery-item tiled-gallery-item-small\"><a href=\"https:\/\/wloczykije.eu\/?attachment_id=3757\"><img loading=\"lazy\" decoding=\"async\" data-attachment-id=\"3757\" data-orig-file=\"https:\/\/wloczykije.eu\/wp-content\/uploads\/2017\/05\/kpn-175-05.jpg\" data-orig-size=\"1024,683\" data-comments-opened=\"1\" data-image-meta=\"{&quot;aperture&quot;:&quot;0&quot;,&quot;credit&quot;:&quot;&quot;,&quot;camera&quot;:&quot;&quot;,&quot;caption&quot;:&quot;&quot;,&quot;created_timestamp&quot;:&quot;0&quot;,&quot;copyright&quot;:&quot;&quot;,&quot;focal_length&quot;:&quot;0&quot;,&quot;iso&quot;:&quot;0&quot;,&quot;shutter_speed&quot;:&quot;0&quot;,&quot;title&quot;:&quot;&quot;,&quot;orientation&quot;:&quot;0&quot;}\" data-image-title=\"Mieszkanie nad wod\u0105\" data-image-description=\"\" data-medium-file=\"https:\/\/wloczykije.eu\/wp-content\/uploads\/2017\/05\/kpn-175-05-400x267.jpg\" data-large-file=\"https:\/\/wloczykije.eu\/wp-content\/uploads\/2017\/05\/kpn-175-05-1024x683.jpg\" src=\"https:\/\/wloczykije.eu\/wp-content\/uploads\/2017\/05\/kpn-175-05-206x138.jpg\" width=\"206\" height=\"138\" align=\"left\" title=\"Mieszkanie nad wod\u0105\" \/><\/a><div class=\"tiled-gallery-caption\">Te, kt\u00f3re wybra\u0142y okazyjne lokalizacje na terenach zalewowych, chwilami zastanawiaj\u0105 si\u0119, czy faktycznie wysz\u0142y na plus.<\/div><\/div><div class=\"tiled-gallery-item tiled-gallery-item-small\"><a href=\"https:\/\/wloczykije.eu\/?attachment_id=3758\"><img loading=\"lazy\" decoding=\"async\" data-attachment-id=\"3758\" data-orig-file=\"https:\/\/wloczykije.eu\/wp-content\/uploads\/2017\/05\/kpn-175-06.jpg\" data-orig-size=\"1024,683\" data-comments-opened=\"1\" data-image-meta=\"{&quot;aperture&quot;:&quot;0&quot;,&quot;credit&quot;:&quot;&quot;,&quot;camera&quot;:&quot;&quot;,&quot;caption&quot;:&quot;&quot;,&quot;created_timestamp&quot;:&quot;0&quot;,&quot;copyright&quot;:&quot;&quot;,&quot;focal_length&quot;:&quot;0&quot;,&quot;iso&quot;:&quot;0&quot;,&quot;shutter_speed&quot;:&quot;0&quot;,&quot;title&quot;:&quot;&quot;,&quot;orientation&quot;:&quot;0&quot;}\" data-image-title=\"Dewitalizacja\" data-image-description=\"\" data-medium-file=\"https:\/\/wloczykije.eu\/wp-content\/uploads\/2017\/05\/kpn-175-06-400x267.jpg\" data-large-file=\"https:\/\/wloczykije.eu\/wp-content\/uploads\/2017\/05\/kpn-175-06-1024x683.jpg\" src=\"https:\/\/wloczykije.eu\/wp-content\/uploads\/2017\/05\/kpn-175-06-206x137.jpg\" width=\"206\" height=\"137\" align=\"left\" title=\"Dewitalizacja\" \/><\/a><div class=\"tiled-gallery-caption\">Gdzie indziej pozosta\u0142y ju\u017c tylko zatopione pnie.<\/div><\/div><\/div><\/div><div class=\"gallery-row\" style=\"width: 495px; height: 218px;\"><div class=\"gallery-group images-1\" style=\"width: 331px; height: 222px;\"><div class=\"tiled-gallery-item tiled-gallery-item-large\"><a href=\"https:\/\/wloczykije.eu\/?attachment_id=3762\"><img loading=\"lazy\" decoding=\"async\" data-attachment-id=\"3762\" data-orig-file=\"https:\/\/wloczykije.eu\/wp-content\/uploads\/2017\/05\/kpn-175-10.jpg\" data-orig-size=\"1024,683\" data-comments-opened=\"1\" data-image-meta=\"{&quot;aperture&quot;:&quot;0&quot;,&quot;credit&quot;:&quot;&quot;,&quot;camera&quot;:&quot;&quot;,&quot;caption&quot;:&quot;&quot;,&quot;created_timestamp&quot;:&quot;0&quot;,&quot;copyright&quot;:&quot;&quot;,&quot;focal_length&quot;:&quot;0&quot;,&quot;iso&quot;:&quot;0&quot;,&quot;shutter_speed&quot;:&quot;0&quot;,&quot;title&quot;:&quot;&quot;,&quot;orientation&quot;:&quot;0&quot;}\" data-image-title=\"Palmiry &#8211; widok na p\u00f3\u0142noc\" data-image-description=\"\" data-medium-file=\"https:\/\/wloczykije.eu\/wp-content\/uploads\/2017\/05\/kpn-175-10-400x267.jpg\" data-large-file=\"https:\/\/wloczykije.eu\/wp-content\/uploads\/2017\/05\/kpn-175-10-1024x683.jpg\" src=\"https:\/\/wloczykije.eu\/wp-content\/uploads\/2017\/05\/kpn-175-10-327x218.jpg\" width=\"327\" height=\"218\" align=\"left\" title=\"Palmiry - widok na p\u00f3\u0142noc\" \/><\/a><div class=\"tiled-gallery-caption\">Obok, w miejscu pami\u0119ci Palmiry, znajduj\u0105 si\u0119 szeregi grob\u00f3w zabitych w puszczy podczas II wojny \u015bwiatowej.<\/div><\/div><\/div><div class=\"gallery-group images-2\" style=\"width: 164px; height: 222px;\"><div class=\"tiled-gallery-item tiled-gallery-item-small\"><a href=\"https:\/\/wloczykije.eu\/?attachment_id=3760\"><img loading=\"lazy\" decoding=\"async\" data-attachment-id=\"3760\" data-orig-file=\"https:\/\/wloczykije.eu\/wp-content\/uploads\/2017\/05\/kpn-175-08.jpg\" data-orig-size=\"1024,683\" data-comments-opened=\"1\" data-image-meta=\"{&quot;aperture&quot;:&quot;0&quot;,&quot;credit&quot;:&quot;&quot;,&quot;camera&quot;:&quot;&quot;,&quot;caption&quot;:&quot;&quot;,&quot;created_timestamp&quot;:&quot;0&quot;,&quot;copyright&quot;:&quot;&quot;,&quot;focal_length&quot;:&quot;0&quot;,&quot;iso&quot;:&quot;0&quot;,&quot;shutter_speed&quot;:&quot;0&quot;,&quot;title&quot;:&quot;&quot;,&quot;orientation&quot;:&quot;0&quot;}\" data-image-title=\"Palmiry &#8211; widok na po\u0142udnie\" data-image-description=\"\" data-medium-file=\"https:\/\/wloczykije.eu\/wp-content\/uploads\/2017\/05\/kpn-175-08-400x267.jpg\" data-large-file=\"https:\/\/wloczykije.eu\/wp-content\/uploads\/2017\/05\/kpn-175-08-1024x683.jpg\" src=\"https:\/\/wloczykije.eu\/wp-content\/uploads\/2017\/05\/kpn-175-08-160x107.jpg\" width=\"160\" height=\"107\" align=\"left\" title=\"Palmiry - widok na po\u0142udnie\" \/><\/a><div class=\"tiled-gallery-caption\">W g\u0142\u0119bi (ledwo) wida\u0107 otwart\u0105 par\u0119 lat temu now\u0105 siedzib\u0119 muzeum.<\/div><\/div><div class=\"tiled-gallery-item tiled-gallery-item-small\"><a href=\"https:\/\/wloczykije.eu\/?attachment_id=3761\"><img loading=\"lazy\" decoding=\"async\" data-attachment-id=\"3761\" data-orig-file=\"https:\/\/wloczykije.eu\/wp-content\/uploads\/2017\/05\/kpn-175-09.jpg\" data-orig-size=\"1024,683\" data-comments-opened=\"1\" data-image-meta=\"{&quot;aperture&quot;:&quot;0&quot;,&quot;credit&quot;:&quot;&quot;,&quot;camera&quot;:&quot;&quot;,&quot;caption&quot;:&quot;&quot;,&quot;created_timestamp&quot;:&quot;0&quot;,&quot;copyright&quot;:&quot;&quot;,&quot;focal_length&quot;:&quot;0&quot;,&quot;iso&quot;:&quot;0&quot;,&quot;shutter_speed&quot;:&quot;0&quot;,&quot;title&quot;:&quot;&quot;,&quot;orientation&quot;:&quot;0&quot;}\" data-image-title=\"Palmiry &#8211; krzy\u017ce i gwiazdy\" data-image-description=\"\" data-medium-file=\"https:\/\/wloczykije.eu\/wp-content\/uploads\/2017\/05\/kpn-175-09-400x267.jpg\" data-large-file=\"https:\/\/wloczykije.eu\/wp-content\/uploads\/2017\/05\/kpn-175-09-1024x683.jpg\" src=\"https:\/\/wloczykije.eu\/wp-content\/uploads\/2017\/05\/kpn-175-09-160x107.jpg\" width=\"160\" height=\"107\" align=\"left\" title=\"Palmiry - krzy\u017ce i gwiazdy\" \/><\/a><div class=\"tiled-gallery-caption\">Uwag\u0119 przyci\u0105gaj\u0105 jednak te\u017c nagrobki &#8211; od marsza\u0142ka Sejmu, przez maszynist\u00f3w i magistr\u00f3w filozofii, po szeregi niezidentyfikowanych. <\/div><\/div><\/div><\/div><div class=\"gallery-row\" style=\"width: 495px; height: 170px;\"><div class=\"gallery-group images-1\" style=\"width: 118px; height: 174px;\"><div class=\"tiled-gallery-item tiled-gallery-item-small\"><a href=\"https:\/\/wloczykije.eu\/?attachment_id=3765\"><img loading=\"lazy\" decoding=\"async\" data-attachment-id=\"3765\" data-orig-file=\"https:\/\/wloczykije.eu\/wp-content\/uploads\/2017\/05\/kpn-175-13.jpg\" data-orig-size=\"683,1024\" data-comments-opened=\"1\" data-image-meta=\"{&quot;aperture&quot;:&quot;0&quot;,&quot;credit&quot;:&quot;&quot;,&quot;camera&quot;:&quot;&quot;,&quot;caption&quot;:&quot;&quot;,&quot;created_timestamp&quot;:&quot;0&quot;,&quot;copyright&quot;:&quot;&quot;,&quot;focal_length&quot;:&quot;0&quot;,&quot;iso&quot;:&quot;0&quot;,&quot;shutter_speed&quot;:&quot;0&quot;,&quot;title&quot;:&quot;&quot;,&quot;orientation&quot;:&quot;0&quot;}\" data-image-title=\"Rdzawa woda\" data-image-description=\"\" data-medium-file=\"https:\/\/wloczykije.eu\/wp-content\/uploads\/2017\/05\/kpn-175-13-267x400.jpg\" data-large-file=\"https:\/\/wloczykije.eu\/wp-content\/uploads\/2017\/05\/kpn-175-13-683x1024.jpg\" src=\"https:\/\/wloczykije.eu\/wp-content\/uploads\/2017\/05\/kpn-175-13-114x170.jpg\" width=\"114\" height=\"170\" align=\"left\" title=\"Rdzawa woda\" \/><\/a><div class=\"tiled-gallery-caption\">Niemniej, nieopodal nowe \u017cycie wyrasta z zabarwionej na czerwono wody.<\/div><\/div><\/div><div class=\"gallery-group images-1\" style=\"width: 259px; height: 174px;\"><div class=\"tiled-gallery-item tiled-gallery-item-large\"><a href=\"https:\/\/wloczykije.eu\/?attachment_id=3764\"><img loading=\"lazy\" decoding=\"async\" data-attachment-id=\"3764\" data-orig-file=\"https:\/\/wloczykije.eu\/wp-content\/uploads\/2017\/05\/kpn-175-12.jpg\" data-orig-size=\"1024,683\" data-comments-opened=\"1\" data-image-meta=\"{&quot;aperture&quot;:&quot;0&quot;,&quot;credit&quot;:&quot;&quot;,&quot;camera&quot;:&quot;&quot;,&quot;caption&quot;:&quot;&quot;,&quot;created_timestamp&quot;:&quot;0&quot;,&quot;copyright&quot;:&quot;&quot;,&quot;focal_length&quot;:&quot;0&quot;,&quot;iso&quot;:&quot;0&quot;,&quot;shutter_speed&quot;:&quot;0&quot;,&quot;title&quot;:&quot;&quot;,&quot;orientation&quot;:&quot;0&quot;}\" data-image-title=\"Inwersja wodna\" data-image-description=\"\" data-medium-file=\"https:\/\/wloczykije.eu\/wp-content\/uploads\/2017\/05\/kpn-175-12-400x267.jpg\" data-large-file=\"https:\/\/wloczykije.eu\/wp-content\/uploads\/2017\/05\/kpn-175-12-1024x683.jpg\" src=\"https:\/\/wloczykije.eu\/wp-content\/uploads\/2017\/05\/kpn-175-12-255x170.jpg\" width=\"255\" height=\"170\" align=\"left\" title=\"Inwersja wodna\" \/><\/a><div class=\"tiled-gallery-caption\">Widoczne jest te\u017c niebo w ziemi.<\/div><\/div><\/div><div class=\"gallery-group images-1\" style=\"width: 118px; height: 174px;\"><div class=\"tiled-gallery-item tiled-gallery-item-small\"><a href=\"https:\/\/wloczykije.eu\/?attachment_id=3763\"><img loading=\"lazy\" decoding=\"async\" data-attachment-id=\"3763\" data-orig-file=\"https:\/\/wloczykije.eu\/wp-content\/uploads\/2017\/05\/kpn-175-11.jpg\" data-orig-size=\"683,1024\" data-comments-opened=\"1\" data-image-meta=\"{&quot;aperture&quot;:&quot;0&quot;,&quot;credit&quot;:&quot;&quot;,&quot;camera&quot;:&quot;&quot;,&quot;caption&quot;:&quot;&quot;,&quot;created_timestamp&quot;:&quot;0&quot;,&quot;copyright&quot;:&quot;&quot;,&quot;focal_length&quot;:&quot;0&quot;,&quot;iso&quot;:&quot;0&quot;,&quot;shutter_speed&quot;:&quot;0&quot;,&quot;title&quot;:&quot;&quot;,&quot;orientation&quot;:&quot;0&quot;}\" data-image-title=\"Przestrze\u0144 upstrzona\" data-image-description=\"\" data-medium-file=\"https:\/\/wloczykije.eu\/wp-content\/uploads\/2017\/05\/kpn-175-11-267x400.jpg\" data-large-file=\"https:\/\/wloczykije.eu\/wp-content\/uploads\/2017\/05\/kpn-175-11-683x1024.jpg\" src=\"https:\/\/wloczykije.eu\/wp-content\/uploads\/2017\/05\/kpn-175-11-114x170.jpg\" width=\"114\" height=\"170\" align=\"left\" title=\"Przestrze\u0144 upstrzona\" \/><\/a><div class=\"tiled-gallery-caption\">Wok\u00f3\u0142 podtopionych pni wyr\u00f3\u017cnia si\u0119 we\u0142nianka w\u0105skolistna, biel\u0105ca si\u0119 puszysto\u015bci\u0105 w okresie owocowania.<\/div><\/div><\/div><\/div><div class=\"gallery-row\" style=\"width: 495px; height: 225px;\"><div class=\"gallery-group images-1\" style=\"width: 154px; height: 229px;\"><div class=\"tiled-gallery-item tiled-gallery-item-small\"><a href=\"https:\/\/wloczykije.eu\/?attachment_id=3766\"><img loading=\"lazy\" decoding=\"async\" data-attachment-id=\"3766\" data-orig-file=\"https:\/\/wloczykije.eu\/wp-content\/uploads\/2017\/05\/kpn-175-14.jpg\" data-orig-size=\"683,1024\" data-comments-opened=\"1\" data-image-meta=\"{&quot;aperture&quot;:&quot;0&quot;,&quot;credit&quot;:&quot;&quot;,&quot;camera&quot;:&quot;&quot;,&quot;caption&quot;:&quot;&quot;,&quot;created_timestamp&quot;:&quot;0&quot;,&quot;copyright&quot;:&quot;&quot;,&quot;focal_length&quot;:&quot;0&quot;,&quot;iso&quot;:&quot;0&quot;,&quot;shutter_speed&quot;:&quot;0&quot;,&quot;title&quot;:&quot;&quot;,&quot;orientation&quot;:&quot;0&quot;}\" data-image-title=\"Przyrodniczy przyl\u0105dek\" data-image-description=\"\" data-medium-file=\"https:\/\/wloczykije.eu\/wp-content\/uploads\/2017\/05\/kpn-175-14-267x400.jpg\" data-large-file=\"https:\/\/wloczykije.eu\/wp-content\/uploads\/2017\/05\/kpn-175-14-683x1024.jpg\" src=\"https:\/\/wloczykije.eu\/wp-content\/uploads\/2017\/05\/kpn-175-14-150x225.jpg\" width=\"150\" height=\"225\" align=\"left\" title=\"Przyrodniczy przyl\u0105dek\" \/><\/a><div class=\"tiled-gallery-caption\">Obszar\u00f3w podmok\u0142ych przybywa wraz z d\u0105\u017ceniem dyrekcji parku do przywr\u00f3cenia jego funkcji rezerwuarowej, ograniczonej w przesz\u0142o\u015bci poprzez wykop kana\u0142\u00f3w. <\/div><\/div><\/div><div class=\"gallery-group images-1\" style=\"width: 341px; height: 229px;\"><div class=\"tiled-gallery-item tiled-gallery-item-large\"><a href=\"https:\/\/wloczykije.eu\/?attachment_id=3767\"><img loading=\"lazy\" decoding=\"async\" data-attachment-id=\"3767\" data-orig-file=\"https:\/\/wloczykije.eu\/wp-content\/uploads\/2017\/05\/kpn-175-15.jpg\" data-orig-size=\"1024,683\" data-comments-opened=\"1\" data-image-meta=\"{&quot;aperture&quot;:&quot;0&quot;,&quot;credit&quot;:&quot;&quot;,&quot;camera&quot;:&quot;&quot;,&quot;caption&quot;:&quot;&quot;,&quot;created_timestamp&quot;:&quot;0&quot;,&quot;copyright&quot;:&quot;&quot;,&quot;focal_length&quot;:&quot;0&quot;,&quot;iso&quot;:&quot;0&quot;,&quot;shutter_speed&quot;:&quot;0&quot;,&quot;title&quot;:&quot;&quot;,&quot;orientation&quot;:&quot;0&quot;}\" data-image-title=\"Molo mi\u0119dzy mokrad\u0142ami\" data-image-description=\"\" data-medium-file=\"https:\/\/wloczykije.eu\/wp-content\/uploads\/2017\/05\/kpn-175-15-400x267.jpg\" data-large-file=\"https:\/\/wloczykije.eu\/wp-content\/uploads\/2017\/05\/kpn-175-15-1024x683.jpg\" src=\"https:\/\/wloczykije.eu\/wp-content\/uploads\/2017\/05\/kpn-175-15-337x225.jpg\" width=\"337\" height=\"225\" align=\"left\" title=\"Molo mi\u0119dzy mokrad\u0142ami\" \/><\/a><div class=\"tiled-gallery-caption\">Jednak po zej\u015bciu z nasypu u\u0142atwiaj\u0105cego gromadzenie si\u0119 wody w obszarze  ochrony \u015bcis\u0142ej, trafia si\u0119 do otuliny, kt\u00f3rej gwa\u0142towna zabudowa nie u\u0142atwia ochrony przyrody. Tym bardziej, \u017ce przez sam park prowadz\u0105 og\u00f3lnodost\u0119pne drogi, w tym wojew\u00f3dzka, zach\u0119caj\u0105ca do szybkiej jazdy. Nie zmienia to jednak faktu, \u017ce wej\u015bcie w g\u0142\u0105b parku daje okazj\u0119 do wytchnienia.<\/div><\/div><\/div><\/div><\/div>\n","protected":false},"excerpt":{"rendered":"<p>Nasz\u0105 majow\u0105 tradycj\u0105 jest, jak wiadomo, odwiedzanie\u00a0n\u00e1rodn\u00fdch parkov (czy to p\u00f3\u0142nocno-zachodnich, po\u0142udniowych, czy jeszcze po\u0142udniowszych). W tym roku jednak powitali\u015bmy miesi\u0105c matki Merkurego mi\u0119dzymitologicznie, wraz z Warsem i Saw\u0105. Nie pozosta\u0142o zatem nic innego, jak tylko odwiedzi\u0107 p\u00f3\u0142nocne p\u0142uco Warszawy, czyli Puszcz\u0119 Kampinosk\u0105.<\/p>\n","protected":false},"author":3,"featured_media":0,"comment_status":"open","ping_status":"closed","sticky":false,"template":"","format":"standard","meta":{"footnotes":""},"categories":[10],"tags":[43,27,32],"class_list":["post-3748","post","type-post","status-publish","format-standard","hentry","category-warszawskie-zakamarki","tag-lasy","tag-parki-narodowe","tag-woda"],"_links":{"self":[{"href":"https:\/\/wloczykije.eu\/index.php?rest_route=\/wp\/v2\/posts\/3748","targetHints":{"allow":["GET"]}}],"collection":[{"href":"https:\/\/wloczykije.eu\/index.php?rest_route=\/wp\/v2\/posts"}],"about":[{"href":"https:\/\/wloczykije.eu\/index.php?rest_route=\/wp\/v2\/types\/post"}],"author":[{"embeddable":true,"href":"https:\/\/wloczykije.eu\/index.php?rest_route=\/wp\/v2\/users\/3"}],"replies":[{"embeddable":true,"href":"https:\/\/wloczykije.eu\/index.php?rest_route=%2Fwp%2Fv2%2Fcomments&post=3748"}],"version-history":[{"count":5,"href":"https:\/\/wloczykije.eu\/index.php?rest_route=\/wp\/v2\/posts\/3748\/revisions"}],"predecessor-version":[{"id":3777,"href":"https:\/\/wloczykije.eu\/index.php?rest_route=\/wp\/v2\/posts\/3748\/revisions\/3777"}],"wp:attachment":[{"href":"https:\/\/wloczykije.eu\/index.php?rest_route=%2Fwp%2Fv2%2Fmedia&parent=3748"}],"wp:term":[{"taxonomy":"category","embeddable":true,"href":"https:\/\/wloczykije.eu\/index.php?rest_route=%2Fwp%2Fv2%2Fcategories&post=3748"},{"taxonomy":"post_tag","embeddable":true,"href":"https:\/\/wloczykije.eu\/index.php?rest_route=%2Fwp%2Fv2%2Ftags&post=3748"}],"curies":[{"name":"wp","href":"https:\/\/api.w.org\/{rel}","templated":true}]}}