{"id":490,"date":"2011-04-27T13:49:28","date_gmt":"2011-04-27T13:49:28","guid":{"rendered":"http:\/\/wloczykije.eu\/?p=490"},"modified":"2011-04-27T20:06:52","modified_gmt":"2011-04-27T20:06:52","slug":"popatrzmy-na-opatrznosc","status":"publish","type":"post","link":"https:\/\/wloczykije.eu\/?p=490","title":{"rendered":"Popatrzmy na opatrzno\u015b\u0107"},"content":{"rendered":"<p>W\u0142a\u015bnie min\u0119\u0142o jedena\u015bcie lat od rozstrzygni\u0119cia konkurs na projekt \u015awi\u0105tyni Opatrzno\u015bci Bo\u017cej, planowanej przez kolejne Rzeczypospolite. W kwietniu 2000 r. spo\u015br\u00f3d 101 zg\u0142osze\u0144 wybrano zwyci\u0119ski projekt Marka Budzy\u0144skiego, architekta m.in. BUW i cz\u0119\u015bci Ursynowa, w tym Ko\u015bcio\u0142a Wniebowst\u0105pienia Pa\u0144skiego. \u00a0<a title=\"Wizualizacja projektu\" href=\"http:\/\/www.bbk.v-net.pl\/fides\/index02_mapa.htm\" target=\"_blank\">Projekt \u015bwi\u0105tyni zatopionej w zieleni, \u0142\u0105cz\u0105cej tradycj\u0119, nowoczesno\u015b\u0107 i zespolenie z otoczeniem<\/a> zosta\u0142 wybrany przez kardyna\u0142a Glempa. Pomimo entuzjastycznego przyj\u0119cia projektu, pod koniec roku zosta\u0142 on odrzucony i og\u0142oszono drugi konkurs na innych zasadach. Jego wynikiem jest rosn\u0105cy od kilku lat na Polach Wilanowskich ogromny sze\u015bcian, z racji wie\u0144cz\u0105cej go wyd\u0142u\u017conej kopu\u0142y przezywany &#8222;jajem Glempa&#8221;.<\/p>\n<p><a href=\"https:\/\/wloczykije.eu\/wp-content\/uploads\/2011\/04\/P1170929-768x1024.jpg\"><img loading=\"lazy\" decoding=\"async\" class=\"aligncenter size-medium wp-image-494\" title=\"Siatka i szkielet\" src=\"https:\/\/wloczykije.eu\/wp-content\/uploads\/2011\/04\/P1170929-300x400.jpg\" alt=\"\" width=\"300\" height=\"400\" srcset=\"https:\/\/wloczykije.eu\/wp-content\/uploads\/2011\/04\/P1170929-300x400.jpg 300w, https:\/\/wloczykije.eu\/wp-content\/uploads\/2011\/04\/P1170929-768x1024.jpg 768w\" sizes=\"auto, (max-width: 300px) 100vw, 300px\" \/><\/a><\/p>\n<p><!--more--><\/p>\n<p><a title=\"Linia czasu do 2002 r.\" href=\"http:\/\/www.bbk.v-net.pl\/fides\/index.htm\">Wedle informacji na stronie oryginalnego zwyci\u0119skiego projektu<\/a>, przezwisko jest o tyle nies\u0142uszne, \u017ce prymas pozosta\u0142 zwolennikiem bardziej holistycznej wizji \u015bwi\u0105tyni:<\/p>\n<div id=\"attachment_497\" style=\"width: 410px\" class=\"wp-caption aligncenter\"><a href=\"https:\/\/wloczykije.eu\/wp-content\/uploads\/2011\/04\/010panorama.jpg\"><img loading=\"lazy\" decoding=\"async\" aria-describedby=\"caption-attachment-497\" class=\"size-medium wp-image-497\" title=\"Panorama projektu Marka Budzy\u0144skiego (\u0179r\u00f3d\u0142o: www.bbk.v-net.pl)\" src=\"https:\/\/wloczykije.eu\/wp-content\/uploads\/2011\/04\/010panorama-400x300.jpg\" alt=\"\" width=\"400\" height=\"300\" srcset=\"https:\/\/wloczykije.eu\/wp-content\/uploads\/2011\/04\/010panorama-400x300.jpg 400w, https:\/\/wloczykije.eu\/wp-content\/uploads\/2011\/04\/010panorama.jpg 800w\" sizes=\"auto, (max-width: 400px) 100vw, 400px\" \/><\/a><p id=\"caption-attachment-497\" class=\"wp-caption-text\">Panorama projektu Marka Budzy\u0144skiego (\u0179r\u00f3d\u0142o: www.bbk.v-net.pl)<\/p><\/div>\n<p style=\"text-align: left;\">Tak czy inaczej, budowa \u015bwi\u0105tyni oraz zabudowa p\u00f3l wilanowskich stanowi\u0142y doskona\u0142y pretekst do jednego ze <a title=\"Patrz\u0105c przez filtr Filtr\u00f3w\" href=\"https:\/\/wloczykije.eu\/?p=400\">spacer\u00f3w wielkanocnych<\/a>, nader potrzebnych po obfitym \u015bniadaniu. Nie zmienia tego nawet fakt, \u017ce spacer odby\u0142 si\u0119 na rowerze. Zreszt\u0105 spora cz\u0119\u015b\u0107 &#8222;spacer\u00f3w,&#8221; zgodnie ze wskaz\u00f3wkami w niekt\u00f3rych gazetach, odbywa\u0142a si\u0119 samochodami. W kontek\u015bcie obyczaj\u00f3w parkingowych warszawiak\u00f3w, has\u0142a ko\u015bcielne nabiera\u0142y groteskowego wyd\u017awi\u0119ku.<\/p>\n<div id=\"attachment_491\" style=\"width: 310px\" class=\"wp-caption aligncenter\"><a href=\"https:\/\/wloczykije.eu\/wp-content\/uploads\/2011\/04\/P1170926-768x1024.jpg\"><img loading=\"lazy\" decoding=\"async\" aria-describedby=\"caption-attachment-491\" class=\"size-medium wp-image-491 \" title=\"\u015awi\u0105tynia przy \u015bwi\u0105tyni\" src=\"https:\/\/wloczykije.eu\/wp-content\/uploads\/2011\/04\/P1170926-300x400.jpg\" alt=\"\" width=\"300\" height=\"400\" srcset=\"https:\/\/wloczykije.eu\/wp-content\/uploads\/2011\/04\/P1170926-300x400.jpg 300w, https:\/\/wloczykije.eu\/wp-content\/uploads\/2011\/04\/P1170926-768x1024.jpg 768w\" sizes=\"auto, (max-width: 300px) 100vw, 300px\" \/><\/a><p id=\"caption-attachment-491\" class=\"wp-caption-text\">...a chodnik twego s\u0105siada b\u0119dzie twoim parkingiem...<\/p><\/div>\n<p style=\"text-align: left;\">Jednak po przedostaniu si\u0119 na drug\u0105 stron\u0119 skarpy warszawskiej dzi\u0119ki wreszcie dostosowanej tylko do ruchu pieszego i rowerowego ul. Orszady, na Polach Wilanowskich by\u0142o ca\u0142kiem spokojnie. Co prawda nie ma tam ju\u017c zbyt wielu p\u00f3l (zosta\u0142y zast\u0105pione przez szeregi blokowisk), jednak dop\u00f3ki budynki s\u0105 wyka\u0144czane, w \u015bwi\u0119to jest tam ca\u0142kiem pusto i cicho. To samo dotyczy\u0142o samej \u015bwi\u0105tyni, w kt\u00f3rej hula\u0142 jedynie wiatr.<\/p>\n<p style=\"text-align: left;\">Jako \u017ce \u015bwi\u0105tynia ma r\u00f3wnie\u017c pe\u0142ni\u0107 funkcj\u0119 m.in. Instytutu Papie\u017ca Jana Paw\u0142a II, Muzeum Jana Paw\u0142a II i Stefana Kardyna\u0142a Wyszy\u0144skiego oraz Panteonu Wielkich Polak\u00f3w, jej otoczenie te\u017c musi by\u0107 wielofunkcyjne. Niestety plac zabaw zapewne zniknie po zako\u0144czeniu budowy.<\/p>\n<div id=\"attachment_492\" style=\"width: 410px\" class=\"wp-caption aligncenter\"><a href=\"https:\/\/wloczykije.eu\/wp-content\/uploads\/2011\/04\/P1170927-1024x768.jpg\"><img loading=\"lazy\" decoding=\"async\" aria-describedby=\"caption-attachment-492\" class=\"size-medium wp-image-492 \" title=\"Plac zabaw i modlitw\" src=\"https:\/\/wloczykije.eu\/wp-content\/uploads\/2011\/04\/P1170927-400x300.jpg\" alt=\"\" width=\"400\" height=\"300\" srcset=\"https:\/\/wloczykije.eu\/wp-content\/uploads\/2011\/04\/P1170927-400x300.jpg 400w, https:\/\/wloczykije.eu\/wp-content\/uploads\/2011\/04\/P1170927-1024x768.jpg 1024w\" sizes=\"auto, (max-width: 400px) 100vw, 400px\" \/><\/a><p id=\"caption-attachment-492\" class=\"wp-caption-text\">Plac budowy i zabawy<\/p><\/div>\n<p style=\"text-align: left;\">Dla nieco powa\u017cniejszych odwiedzaj\u0105cych wystawiono dopasowany kolorystyk\u0105 do placu zabaw bilbord oraz zintegrowany pod wzgl\u0119dem materia\u0142u i koloru z ogrodzeniem placu budowy krzy\u017c.<\/p>\n<div id=\"attachment_493\" style=\"width: 410px\" class=\"wp-caption aligncenter\"><a href=\"https:\/\/wloczykije.eu\/wp-content\/uploads\/2011\/04\/P1170928-1024x768.jpg\"><img loading=\"lazy\" decoding=\"async\" aria-describedby=\"caption-attachment-493\" class=\"size-medium wp-image-493 \" title=\"Plac budowy i modlitwy\" src=\"https:\/\/wloczykije.eu\/wp-content\/uploads\/2011\/04\/P1170928-400x300.jpg\" alt=\"\" width=\"400\" height=\"300\" srcset=\"https:\/\/wloczykije.eu\/wp-content\/uploads\/2011\/04\/P1170928-400x300.jpg 400w, https:\/\/wloczykije.eu\/wp-content\/uploads\/2011\/04\/P1170928-1024x768.jpg 1024w\" sizes=\"auto, (max-width: 400px) 100vw, 400px\" \/><\/a><p id=\"caption-attachment-493\" class=\"wp-caption-text\">Beton, blacha i bilbordy<\/p><\/div>\n<p style=\"text-align: left;\">Jako \u017ce spacer mia\u0142 miejsce pomi\u0119dzy \u015bniadaniem wielkanocnym a obiadem, czasu nie by\u0142o zbyt wiele. Poza tym wiatr wygwizdywa\u0142 w uszach i trzeba by\u0142o sprawdzi\u0107, czy kto\u015b nie skomentowa\u0142 wpis\u00f3w na blogu. Wr\u00f3ci\u0142em wi\u0119c do<del> domu<\/del> sto\u0142u, gdzie widok za oknem przypomina\u0142, \u017ce mo\u017cna si\u0119 cieszy\u0107 \u015bwie\u017conadesz\u0142\u0105 wiosn\u0105.<\/p>\n<div id=\"attachment_495\" style=\"width: 410px\" class=\"wp-caption aligncenter\"><a href=\"https:\/\/wloczykije.eu\/wp-content\/uploads\/2011\/04\/P1170925-1024x768.jpg\"><img loading=\"lazy\" decoding=\"async\" aria-describedby=\"caption-attachment-495\" class=\"size-medium wp-image-495\" title=\"Wiosna kwitnie\" src=\"https:\/\/wloczykije.eu\/wp-content\/uploads\/2011\/04\/P1170925-400x300.jpg\" alt=\"\" width=\"400\" height=\"300\" srcset=\"https:\/\/wloczykije.eu\/wp-content\/uploads\/2011\/04\/P1170925-400x300.jpg 400w, https:\/\/wloczykije.eu\/wp-content\/uploads\/2011\/04\/P1170925-1024x768.jpg 1024w\" sizes=\"auto, (max-width: 400px) 100vw, 400px\" \/><\/a><p id=\"caption-attachment-495\" class=\"wp-caption-text\">Ju\u017c wkr\u00f3tce b\u0119d\u0105 tu wi\u015bnie, czere\u015bnie i cokolwiek ro\u015bnie na magnoliach<\/p><\/div>\n<p style=\"text-align: left;\">&nbsp;<\/p>\n","protected":false},"excerpt":{"rendered":"<p>W\u0142a\u015bnie min\u0119\u0142o jedena\u015bcie lat od rozstrzygni\u0119cia konkurs na projekt \u015awi\u0105tyni Opatrzno\u015bci Bo\u017cej, planowanej przez kolejne Rzeczypospolite. W kwietniu 2000 r. spo\u015br\u00f3d 101 zg\u0142osze\u0144 wybrano zwyci\u0119ski projekt Marka Budzy\u0144skiego, architekta m.in. BUW i cz\u0119\u015bci Ursynowa, w tym Ko\u015bcio\u0142a Wniebowst\u0105pienia Pa\u0144skiego. \u00a0Projekt \u015bwi\u0105tyni zatopionej w zieleni, \u0142\u0105cz\u0105cej tradycj\u0119, nowoczesno\u015b\u0107 i zespolenie z otoczeniem zosta\u0142 wybrany przez kardyna\u0142a &#038;hellip <a class=\"read-excerpt\" href=\"https:\/\/wloczykije.eu\/?p=490\">Continue reading <span class=\"meta-nav\">&raquo;<\/span><\/a><\/p>\n","protected":false},"author":3,"featured_media":0,"comment_status":"open","ping_status":"closed","sticky":false,"template":"","format":"standard","meta":{"footnotes":""},"categories":[10],"tags":[26],"class_list":["post-490","post","type-post","status-publish","format-standard","hentry","category-warszawskie-zakamarki","tag-wilanow"],"_links":{"self":[{"href":"https:\/\/wloczykije.eu\/index.php?rest_route=\/wp\/v2\/posts\/490","targetHints":{"allow":["GET"]}}],"collection":[{"href":"https:\/\/wloczykije.eu\/index.php?rest_route=\/wp\/v2\/posts"}],"about":[{"href":"https:\/\/wloczykije.eu\/index.php?rest_route=\/wp\/v2\/types\/post"}],"author":[{"embeddable":true,"href":"https:\/\/wloczykije.eu\/index.php?rest_route=\/wp\/v2\/users\/3"}],"replies":[{"embeddable":true,"href":"https:\/\/wloczykije.eu\/index.php?rest_route=%2Fwp%2Fv2%2Fcomments&post=490"}],"version-history":[{"count":7,"href":"https:\/\/wloczykije.eu\/index.php?rest_route=\/wp\/v2\/posts\/490\/revisions"}],"predecessor-version":[{"id":503,"href":"https:\/\/wloczykije.eu\/index.php?rest_route=\/wp\/v2\/posts\/490\/revisions\/503"}],"wp:attachment":[{"href":"https:\/\/wloczykije.eu\/index.php?rest_route=%2Fwp%2Fv2%2Fmedia&parent=490"}],"wp:term":[{"taxonomy":"category","embeddable":true,"href":"https:\/\/wloczykije.eu\/index.php?rest_route=%2Fwp%2Fv2%2Fcategories&post=490"},{"taxonomy":"post_tag","embeddable":true,"href":"https:\/\/wloczykije.eu\/index.php?rest_route=%2Fwp%2Fv2%2Ftags&post=490"}],"curies":[{"name":"wp","href":"https:\/\/api.w.org\/{rel}","templated":true}]}}