{"id":504,"date":"2011-04-28T18:36:41","date_gmt":"2011-04-28T18:36:41","guid":{"rendered":"http:\/\/wloczykije.eu\/?p=504"},"modified":"2011-05-04T12:36:14","modified_gmt":"2011-05-04T12:36:14","slug":"i-dzik-idzikowskiego-nie-idzie","status":"publish","type":"post","link":"https:\/\/wloczykije.eu\/?p=504","title":{"rendered":"I dzik Idzikowskiego nie idzie"},"content":{"rendered":"<p>Ostatnia przed majowym wyjazdem do Drawie\u0144skiego Parku Narodowego (InterRegio z Warszawy Centralnej ju\u017c jutro o 7 rano &#8212; mamy nadziej\u0119, \u017ce rowery si\u0119 zmieszcz\u0105&#8230;) relacja z wielkanocnych spacer\u00f3w. Po drodze z Ochoty na Ursyn\u00f3w, trudno omin\u0105\u0107 Mokot\u00f3w; trzeba te\u017c gdzie\u015b zbli\u017cy\u0107 si\u0119 do skarpy warszawskiej. Jednym z wy\u017cszych jej punkt\u00f3w, gdzie mierzy ok. 20m, s\u0105 okolice Morskiego Oka, jednak dalej na po\u0142udnie, przy ul. Idzikowskiego, r\u00f3wnie\u017c znajduje si\u0119 kilka ciekawych obiekt\u00f3w.\u00a0<!--more--><\/p>\n<div id=\"attachment_510\" style=\"width: 410px\" class=\"wp-caption aligncenter\"><a href=\"https:\/\/wloczykije.eu\/wp-content\/uploads\/2011\/04\/P1170902-1024x768.jpg\"><img loading=\"lazy\" decoding=\"async\" aria-describedby=\"caption-attachment-510\" class=\"size-medium wp-image-510 \" title=\"Morskie oko\" src=\"https:\/\/wloczykije.eu\/wp-content\/uploads\/2011\/04\/P1170902-400x300.jpg\" alt=\"\" width=\"400\" height=\"300\" srcset=\"https:\/\/wloczykije.eu\/wp-content\/uploads\/2011\/04\/P1170902-400x300.jpg 400w, https:\/\/wloczykije.eu\/wp-content\/uploads\/2011\/04\/P1170902-1024x768.jpg 1024w\" sizes=\"auto, (max-width: 400px) 100vw, 400px\" \/><\/a><p id=\"caption-attachment-510\" class=\"wp-caption-text\">Morskie oko puszcza oko, ale tym razem nie o tym<\/p><\/div>\n<p>Idzikowskiego \u0142\u0105czy ul. Sobieskiego i Pu\u0142awsk\u0105, przebiegaj\u0105c przez tereny dzia\u0142kowo-parkowe i mijaj\u0105c przy tym resztki stutrzydziestoletniego fortu Pi\u0142sudskiego (znanego te\u017c jako Fort Cze &#8211; ale nie Guevary). Ju\u017c w okresie mi\u0119dzywojennym zosta\u0142 on okrojony w celu wybudowania osiedla dla oficer\u00f3w. Sama forteca ucierpia\u0142a znacz\u0105co, stawiaj\u0105c op\u00f3r Niemcom do 25 wrze\u015bnia 1939 r. Od kilku lat otoczony fos\u0105 obiekt w og\u00f3le nie pe\u0142ni funkcji wojskowej i niestety niszczeje.<\/p>\n<p>Jednak gdy, jad\u0105c Idzikowskiego, minie si\u0119 nie tylko fort po prawej i ogr\u00f3dki dzia\u0142kowe po lewej, lecz r\u00f3wnie\u017c stawy pod Kr\u00f3likarni\u0105, \u00a0wjechawszy na skarp\u0119 mo\u017cna podziwia\u0107 ca\u0142kiem imponuj\u0105cy widok. Zreszt\u0105 jak prawie ka\u017cda panorama widziana z g\u00f3ry. W tle, nad Wis\u0142\u0105 pi\u0119trz\u0105 si\u0119 warszawskie drapaczy chmur elektrociep\u0142owni Siekerki, a na pierwszym planie rozpo\u015bciera si\u0119 zieleniec naprzeciwko rezydencji ambasadora Stan\u00f3w Zjednoczonych w Polsce.<\/p>\n<div id=\"attachment_508\" style=\"width: 410px\" class=\"wp-caption aligncenter\"><a href=\"https:\/\/wloczykije.eu\/wp-content\/uploads\/2011\/04\/P1170914-1024x768.jpg\"><img loading=\"lazy\" decoding=\"async\" aria-describedby=\"caption-attachment-508\" class=\"size-medium wp-image-508 \" title=\"Panorama ze skarpy\" src=\"https:\/\/wloczykije.eu\/wp-content\/uploads\/2011\/04\/P1170914-400x300.jpg\" alt=\"\" width=\"400\" height=\"300\" srcset=\"https:\/\/wloczykije.eu\/wp-content\/uploads\/2011\/04\/P1170914-400x300.jpg 400w, https:\/\/wloczykije.eu\/wp-content\/uploads\/2011\/04\/P1170914-1024x768.jpg 1024w\" sizes=\"auto, (max-width: 400px) 100vw, 400px\" \/><\/a><p id=\"caption-attachment-508\" class=\"wp-caption-text\">Widok na Siekerki i pastwisko dla Kr\u00f3likarni<\/p><\/div>\n<p style=\"text-align: left;\">Podczas gdy budynki na dole nie osza\u0142amiaj\u0105 luksusem, siedziba ambasadora jest do\u015b\u0107 ciekawym przyk\u0142adem przeniesienia stylu ameryka\u0144skiego domu wprost na polski grunt. Imponuj\u0105cy jest nie tylko rozmiar budynku, wjazd do kt\u00f3rego oznaczony jest Wielk\u0105 Piecz\u0119ci\u0105 kraju zza oceanu&#8230;<\/p>\n<div id=\"attachment_505\" style=\"width: 410px\" class=\"wp-caption aligncenter\"><a href=\"https:\/\/wloczykije.eu\/wp-content\/uploads\/2011\/04\/P1170911.jpg\"><img loading=\"lazy\" decoding=\"async\" aria-describedby=\"caption-attachment-505\" class=\"size-medium wp-image-505  \" title=\"Rezydencja ameryka\u0144skiego ambasadora\" src=\"https:\/\/wloczykije.eu\/wp-content\/uploads\/2011\/04\/P1170911-400x300.jpg\" alt=\"\" width=\"400\" height=\"300\" srcset=\"https:\/\/wloczykije.eu\/wp-content\/uploads\/2011\/04\/P1170911-400x300.jpg 400w, https:\/\/wloczykije.eu\/wp-content\/uploads\/2011\/04\/P1170911-1024x768.jpg 1024w\" sizes=\"auto, (max-width: 400px) 100vw, 400px\" \/><\/a><p id=\"caption-attachment-505\" class=\"wp-caption-text\">Wjazd do rezydencji ambasadora USA<\/p><\/div>\n<p>&#8230;lecz r\u00f3wnie\u017c zachowanie stylu typowego ameryka\u0144skiego domu podmiejskiego z bogatej okolicy. Troch\u0119 gryzie si\u0119 jedynie przybud\u00f3wka po \u015brodku (domy\u015blam si\u0119, \u017ce zosta\u0142a dodana p\u00f3\u017aniej), jednak powiewaj\u0105ca na wietrze flaga bia\u0142o-czerwono-niebieska uzupe\u0142nia ewentualne braki w ameryka\u0144sko\u015bci.<\/p>\n<div id=\"attachment_506\" style=\"width: 410px\" class=\"wp-caption aligncenter\"><a href=\"https:\/\/wloczykije.eu\/wp-content\/uploads\/2011\/04\/P1170915-1024x768.jpg\"><img loading=\"lazy\" decoding=\"async\" aria-describedby=\"caption-attachment-506\" class=\"size-medium wp-image-506 \" title=\"Ty\u0142y rezydencji\" src=\"https:\/\/wloczykije.eu\/wp-content\/uploads\/2011\/04\/P1170915-400x300.jpg\" alt=\"\" width=\"400\" height=\"300\" srcset=\"https:\/\/wloczykije.eu\/wp-content\/uploads\/2011\/04\/P1170915-400x300.jpg 400w, https:\/\/wloczykije.eu\/wp-content\/uploads\/2011\/04\/P1170915-1024x768.jpg 1024w\" sizes=\"auto, (max-width: 400px) 100vw, 400px\" \/><\/a><p id=\"caption-attachment-506\" class=\"wp-caption-text\">Widok na okna<\/p><\/div>\n<p>Kontrast jest widoczny zw\u0142aszcza w kontek\u015bcie konkurencji dla pi\u0119trz\u0105cych si\u0119 na horyzoncie p\u00f3\u0142nocnym blok\u00f3w wzd\u0142u\u017c Sobieskiego, w tym widocznego na \u015brodku najwy\u017cszego kompleksu budynk\u00f3w. Otrzyma\u0142a go w spadku po Zwi\u0105zku Radzieckim Federacja Rosyjska. O w wi\u0119kszo\u015bci opuszczone budowle (cho\u0107 podobno dzia\u0142a tam jeszcze klub dla wybranych, a przy bramie do\u015b\u0107 regularnie stoj\u0105 samochody) obecnie spiera si\u0119 z wielkim s\u0105siadem ze wschodu nasze MSZ.<\/p>\n<div id=\"attachment_509\" style=\"width: 410px\" class=\"wp-caption aligncenter\"><a href=\"https:\/\/wloczykije.eu\/wp-content\/uploads\/2011\/04\/P1170913.jpg\"><img loading=\"lazy\" decoding=\"async\" aria-describedby=\"caption-attachment-509\" class=\"size-medium wp-image-509\" title=\"Skarpa warszawska\" src=\"https:\/\/wloczykije.eu\/wp-content\/uploads\/2011\/04\/P1170913-400x300.jpg\" alt=\"Skarpa spacerowa\" width=\"400\" height=\"300\" srcset=\"https:\/\/wloczykije.eu\/wp-content\/uploads\/2011\/04\/P1170913-400x300.jpg 400w, https:\/\/wloczykije.eu\/wp-content\/uploads\/2011\/04\/P1170913-1024x768.jpg 1024w\" sizes=\"auto, (max-width: 400px) 100vw, 400px\" \/><\/a><p id=\"caption-attachment-509\" class=\"wp-caption-text\">Skarpa spacerowa<\/p><\/div>\n<p style=\"text-align: left;\">Ko\u0144cz\u0105c kr\u0119cenie si\u0119 w k\u00f3\u0142ko po Kr\u00f3likarni, nale\u017cy jeszcze zwr\u00f3ci\u0107 uwag\u0119 na stoj\u0105ce naprzeciwko domu ameryka\u0144skiego ambasadora resztki skoczni. Wybudowana w latach pi\u0119\u0107dziesi\u0105tych przez Warszawski Klub Narciarski, zosta\u0142a zamkni\u0119ta w 1989 r. Od tego czasu niszcza\u0142a i by\u0142a sukcesywnie demontowana. Pomimo wpisania jej jako obiekt chroniony do miejscowego planu zagospodarowania, zosta\u0142a rozebrana pod koniec zesz\u0142ego roku. To co z niej zosta\u0142o, mo\u017ce s\u0142u\u017cy\u0107 jako realistyczny lub abstrakcyjny, w zale\u017cno\u015bci od tego, czego si\u0119 w nim dopatrzymy &#8211; pomnik przesz\u0142ych przedsi\u0119wzi\u0119\u0107.<\/p>\n<div id=\"attachment_507\" style=\"width: 410px\" class=\"wp-caption aligncenter\"><a href=\"https:\/\/wloczykije.eu\/wp-content\/uploads\/2011\/04\/P1170916-1024x768.jpg\"><img loading=\"lazy\" decoding=\"async\" aria-describedby=\"caption-attachment-507\" class=\"size-medium wp-image-507 \" title=\"Skocznia\" src=\"https:\/\/wloczykije.eu\/wp-content\/uploads\/2011\/04\/P1170916-400x315.jpg\" alt=\"\" width=\"400\" height=\"315\" srcset=\"https:\/\/wloczykije.eu\/wp-content\/uploads\/2011\/04\/P1170916-400x315.jpg 400w, https:\/\/wloczykije.eu\/wp-content\/uploads\/2011\/04\/P1170916-1024x807.jpg 1024w, https:\/\/wloczykije.eu\/wp-content\/uploads\/2011\/04\/P1170916.jpg 1732w\" sizes=\"auto, (max-width: 400px) 100vw, 400px\" \/><\/a><p id=\"caption-attachment-507\" class=\"wp-caption-text\">Skocznia ju\u017c nikomu nie podskoczy<\/p><\/div>\n","protected":false},"excerpt":{"rendered":"<p>Ostatnia przed majowym wyjazdem do Drawie\u0144skiego Parku Narodowego (InterRegio z Warszawy Centralnej ju\u017c jutro o 7 rano &#8212; mamy nadziej\u0119, \u017ce rowery si\u0119 zmieszcz\u0105&#8230;) relacja z wielkanocnych spacer\u00f3w. Po drodze z Ochoty na Ursyn\u00f3w, trudno omin\u0105\u0107 Mokot\u00f3w; trzeba te\u017c gdzie\u015b zbli\u017cy\u0107 si\u0119 do skarpy warszawskiej. Jednym z wy\u017cszych jej punkt\u00f3w, gdzie mierzy ok. 20m, s\u0105 &#038;hellip <a class=\"read-excerpt\" href=\"https:\/\/wloczykije.eu\/?p=504\">Continue reading <span class=\"meta-nav\">&raquo;<\/span><\/a><\/p>\n","protected":false},"author":3,"featured_media":511,"comment_status":"open","ping_status":"closed","sticky":false,"template":"","format":"standard","meta":{"footnotes":""},"categories":[10],"tags":[16],"class_list":["post-504","post","type-post","status-publish","format-standard","has-post-thumbnail","hentry","category-warszawskie-zakamarki","tag-mokotow"],"_links":{"self":[{"href":"https:\/\/wloczykije.eu\/index.php?rest_route=\/wp\/v2\/posts\/504","targetHints":{"allow":["GET"]}}],"collection":[{"href":"https:\/\/wloczykije.eu\/index.php?rest_route=\/wp\/v2\/posts"}],"about":[{"href":"https:\/\/wloczykije.eu\/index.php?rest_route=\/wp\/v2\/types\/post"}],"author":[{"embeddable":true,"href":"https:\/\/wloczykije.eu\/index.php?rest_route=\/wp\/v2\/users\/3"}],"replies":[{"embeddable":true,"href":"https:\/\/wloczykije.eu\/index.php?rest_route=%2Fwp%2Fv2%2Fcomments&post=504"}],"version-history":[{"count":12,"href":"https:\/\/wloczykije.eu\/index.php?rest_route=\/wp\/v2\/posts\/504\/revisions"}],"predecessor-version":[{"id":522,"href":"https:\/\/wloczykije.eu\/index.php?rest_route=\/wp\/v2\/posts\/504\/revisions\/522"}],"wp:featuredmedia":[{"embeddable":true,"href":"https:\/\/wloczykije.eu\/index.php?rest_route=\/wp\/v2\/media\/511"}],"wp:attachment":[{"href":"https:\/\/wloczykije.eu\/index.php?rest_route=%2Fwp%2Fv2%2Fmedia&parent=504"}],"wp:term":[{"taxonomy":"category","embeddable":true,"href":"https:\/\/wloczykije.eu\/index.php?rest_route=%2Fwp%2Fv2%2Fcategories&post=504"},{"taxonomy":"post_tag","embeddable":true,"href":"https:\/\/wloczykije.eu\/index.php?rest_route=%2Fwp%2Fv2%2Ftags&post=504"}],"curies":[{"name":"wp","href":"https:\/\/api.w.org\/{rel}","templated":true}]}}